{"id":27005,"date":"2016-10-14T13:54:51","date_gmt":"2016-10-14T13:54:51","guid":{"rendered":"http:\/\/folhadosudeste.com\/site\/?p=27005"},"modified":"2016-10-14T13:58:51","modified_gmt":"2016-10-14T13:58:51","slug":"carlos-macuco-evandro-cheiroso-e-ivanir-do-gaspar-comemoram-em-macuco-vitoria-nas-urnas","status":"publish","type":"post","link":"http:\/\/folhadosudeste.com\/site\/?p=27005","title":{"rendered":"Carlos Macuco, Evandro Cheiroso e Ivanir do Gaspar comemoram em Macuco vit\u00f3ria nas urnas"},"content":{"rendered":"<p style=\"text-align: justify;\"><a href=\"http:\/\/folhadosudeste.com\/site\/wp-content\/uploads\/2016\/10\/MACUCO.jpg\"><img loading=\"lazy\" decoding=\"async\" class=\"aligncenter size-full wp-image-27006\" src=\"http:\/\/folhadosudeste.com\/site\/wp-content\/uploads\/2016\/10\/MACUCO.jpg\" alt=\"macuco\" width=\"620\" height=\"250\" srcset=\"http:\/\/folhadosudeste.com\/site\/wp-content\/uploads\/2016\/10\/MACUCO.jpg 620w, http:\/\/folhadosudeste.com\/site\/wp-content\/uploads\/2016\/10\/MACUCO-300x120.jpg 300w\" sizes=\"auto, (max-width: 620px) 100vw, 620px\" \/><\/a><\/p>\n<p style=\"text-align: justify;\">O Partido da Rep\u00fablica (PR) est\u00e1 em alta em Muria\u00e9. No \u00faltimo pleito eleitoral, tr\u00eas vereadores a ele filiados foram eleitos com uma grande quantidade de votos dos muriaeenses. Os vereadores eleitos do PR, Evandro Cheiroso e Ivanir do Gaspar, participaram de uma festa no \u00faltimo domingo (9), em Macuco, organizada por Carlos Macuco, distrito em que foi obtida uma expressiva vota\u00e7\u00e3o. A comemora\u00e7\u00e3o e confraterniza\u00e7\u00e3o com os moradores aconteceu em um clima familiar e de muita emo\u00e7\u00e3o por essa grande vit\u00f3ria. Tamb\u00e9m compareceram amigos pol\u00edticos\u2019 e representantes da sociedade civil que apoiaram os candidatos.<\/p>\n<p style=\"text-align: justify;\">Saiba mais na edi\u00e7\u00e3o 730 do Folha do Sudeste<\/p>\n<p style=\"text-align: justify;\"><img decoding=\"async\" class=\"ngg_displayed_gallery mceItem\" src=\"http:\/\/folhadosudeste.com\/site\/index.php\/nextgen-attach_to_post\/preview\/id--27025\" alt=\"\" \/><\/p>\n","protected":false},"excerpt":{"rendered":"<p>O Partido da Rep\u00fablica (PR) est\u00e1 em alta em Muria\u00e9. No \u00faltimo pleito eleitoral, tr\u00eas vereadores a ele filiados foram eleitos com uma grande quantidade de votos dos muriaeenses. Os vereadores eleitos do PR, Evandro Cheiroso e Ivanir do Gaspar, participaram de uma festa no \u00faltimo domingo (9), em Macuco, organizada por Carlos Macuco, distrito [&hellip;]<\/p>\n","protected":false},"author":2,"featured_media":27006,"comment_status":"open","ping_status":"closed","sticky":false,"template":"","format":"standard","meta":{"_joinchat":[],"footnotes":""},"categories":[1],"tags":[],"class_list":["post-27005","post","type-post","status-publish","format-standard","has-post-thumbnail","hentry","category-sem-categoria"],"_links":{"self":[{"href":"http:\/\/folhadosudeste.com\/site\/index.php?rest_route=\/wp\/v2\/posts\/27005","targetHints":{"allow":["GET"]}}],"collection":[{"href":"http:\/\/folhadosudeste.com\/site\/index.php?rest_route=\/wp\/v2\/posts"}],"about":[{"href":"http:\/\/folhadosudeste.com\/site\/index.php?rest_route=\/wp\/v2\/types\/post"}],"author":[{"embeddable":true,"href":"http:\/\/folhadosudeste.com\/site\/index.php?rest_route=\/wp\/v2\/users\/2"}],"replies":[{"embeddable":true,"href":"http:\/\/folhadosudeste.com\/site\/index.php?rest_route=%2Fwp%2Fv2%2Fcomments&post=27005"}],"version-history":[{"count":1,"href":"http:\/\/folhadosudeste.com\/site\/index.php?rest_route=\/wp\/v2\/posts\/27005\/revisions"}],"predecessor-version":[{"id":27026,"href":"http:\/\/folhadosudeste.com\/site\/index.php?rest_route=\/wp\/v2\/posts\/27005\/revisions\/27026"}],"wp:featuredmedia":[{"embeddable":true,"href":"http:\/\/folhadosudeste.com\/site\/index.php?rest_route=\/wp\/v2\/media\/27006"}],"wp:attachment":[{"href":"http:\/\/folhadosudeste.com\/site\/index.php?rest_route=%2Fwp%2Fv2%2Fmedia&parent=27005"}],"wp:term":[{"taxonomy":"category","embeddable":true,"href":"http:\/\/folhadosudeste.com\/site\/index.php?rest_route=%2Fwp%2Fv2%2Fcategories&post=27005"},{"taxonomy":"post_tag","embeddable":true,"href":"http:\/\/folhadosudeste.com\/site\/index.php?rest_route=%2Fwp%2Fv2%2Ftags&post=27005"}],"curies":[{"name":"wp","href":"https:\/\/api.w.org\/{rel}","templated":true}]}}