{"id":27027,"date":"2016-10-14T14:04:39","date_gmt":"2016-10-14T14:04:39","guid":{"rendered":"http:\/\/folhadosudeste.com\/site\/?p=27027"},"modified":"2016-10-14T14:04:39","modified_gmt":"2016-10-14T14:04:39","slug":"paroquia-santa-cruz-realiza-triduo-a-n-s-aparecida","status":"publish","type":"post","link":"http:\/\/folhadosudeste.com\/site\/?p=27027","title":{"rendered":"Par\u00f3quia Santa Cruz realiza Tr\u00edduo \u00e0 N. S. Aparecida"},"content":{"rendered":"<p style=\"text-align: justify;\"><a href=\"http:\/\/folhadosudeste.com\/site\/wp-content\/uploads\/2016\/10\/MISSA-PARTE-ALTA.jpg\"><img loading=\"lazy\" decoding=\"async\" class=\"aligncenter size-full wp-image-27028\" src=\"http:\/\/folhadosudeste.com\/site\/wp-content\/uploads\/2016\/10\/MISSA-PARTE-ALTA.jpg\" alt=\"missa-parte-alta\" width=\"620\" height=\"233\" srcset=\"http:\/\/folhadosudeste.com\/site\/wp-content\/uploads\/2016\/10\/MISSA-PARTE-ALTA.jpg 620w, http:\/\/folhadosudeste.com\/site\/wp-content\/uploads\/2016\/10\/MISSA-PARTE-ALTA-300x112.jpg 300w\" sizes=\"auto, (max-width: 620px) 100vw, 620px\" \/><\/a><\/p>\n<p style=\"text-align: justify;\">Aconteceu nessa semana o Tr\u00edduo \u00e0 Nossa Senhora Aparecida 2016, que come\u00e7ou no dia 09\/10, na casa do Sr. Jos\u00e9 Nandis e Maria da Gl\u00f3ria (Rua Paulino C\u00e2ndido Magalh\u00e3es), seguiu no dia 10\/10, na casa do Sr. Teodoro e Concei\u00e7\u00e3o (Rua Alameda dos Resed\u00e1s) e encerrou no dia 11\/10, na casa do Sr. Marcelo e Lena (Rua Astrogildo Figueiredo de Barros). J\u00e1 em 12\/10, Dia de Nossa Senhora Aparecida, foi realizada a prociss\u00e3o saindo da Comunidade S\u00e3o Jo\u00e3o Evangelista. Logo ap\u00f3s, foi celebrada a Santa Missa na Rua Astrogildo Figueiredo de Barros, pelo Pe. Jos\u00e9 Ricardo Zonta, finalizando com bingos e caldos para arrecadar fundos para a comunidade.<\/p>\n<p style=\"text-align: justify;\"><img decoding=\"async\" class=\"ngg_displayed_gallery mceItem\" src=\"http:\/\/folhadosudeste.com\/site\/index.php\/nextgen-attach_to_post\/preview\/id--27037\" alt=\"\" \/><\/p>\n","protected":false},"excerpt":{"rendered":"<p>Aconteceu nessa semana o Tr\u00edduo \u00e0 Nossa Senhora Aparecida 2016, que come\u00e7ou no dia 09\/10, na casa do Sr. Jos\u00e9 Nandis e Maria da Gl\u00f3ria (Rua Paulino C\u00e2ndido Magalh\u00e3es), seguiu no dia 10\/10, na casa do Sr. Teodoro e Concei\u00e7\u00e3o (Rua Alameda dos Resed\u00e1s) e encerrou no dia 11\/10, na casa do Sr. Marcelo e [&hellip;]<\/p>\n","protected":false},"author":2,"featured_media":27028,"comment_status":"open","ping_status":"closed","sticky":false,"template":"","format":"standard","meta":{"_joinchat":[],"footnotes":""},"categories":[1],"tags":[],"class_list":["post-27027","post","type-post","status-publish","format-standard","has-post-thumbnail","hentry","category-sem-categoria"],"_links":{"self":[{"href":"http:\/\/folhadosudeste.com\/site\/index.php?rest_route=\/wp\/v2\/posts\/27027","targetHints":{"allow":["GET"]}}],"collection":[{"href":"http:\/\/folhadosudeste.com\/site\/index.php?rest_route=\/wp\/v2\/posts"}],"about":[{"href":"http:\/\/folhadosudeste.com\/site\/index.php?rest_route=\/wp\/v2\/types\/post"}],"author":[{"embeddable":true,"href":"http:\/\/folhadosudeste.com\/site\/index.php?rest_route=\/wp\/v2\/users\/2"}],"replies":[{"embeddable":true,"href":"http:\/\/folhadosudeste.com\/site\/index.php?rest_route=%2Fwp%2Fv2%2Fcomments&post=27027"}],"version-history":[{"count":1,"href":"http:\/\/folhadosudeste.com\/site\/index.php?rest_route=\/wp\/v2\/posts\/27027\/revisions"}],"predecessor-version":[{"id":27038,"href":"http:\/\/folhadosudeste.com\/site\/index.php?rest_route=\/wp\/v2\/posts\/27027\/revisions\/27038"}],"wp:featuredmedia":[{"embeddable":true,"href":"http:\/\/folhadosudeste.com\/site\/index.php?rest_route=\/wp\/v2\/media\/27028"}],"wp:attachment":[{"href":"http:\/\/folhadosudeste.com\/site\/index.php?rest_route=%2Fwp%2Fv2%2Fmedia&parent=27027"}],"wp:term":[{"taxonomy":"category","embeddable":true,"href":"http:\/\/folhadosudeste.com\/site\/index.php?rest_route=%2Fwp%2Fv2%2Fcategories&post=27027"},{"taxonomy":"post_tag","embeddable":true,"href":"http:\/\/folhadosudeste.com\/site\/index.php?rest_route=%2Fwp%2Fv2%2Ftags&post=27027"}],"curies":[{"name":"wp","href":"https:\/\/api.w.org\/{rel}","templated":true}]}}