{"id":27039,"date":"2016-10-14T14:07:50","date_gmt":"2016-10-14T14:07:50","guid":{"rendered":"http:\/\/folhadosudeste.com\/site\/?p=27039"},"modified":"2016-10-14T14:07:50","modified_gmt":"2016-10-14T14:07:50","slug":"1a-assembleia-em-muriae-discute-rumos-do-sindmoda","status":"publish","type":"post","link":"http:\/\/folhadosudeste.com\/site\/?p=27039","title":{"rendered":"1\u00aa Assembl\u00e9ia em Muria\u00e9 discute rumos do SINDMODA"},"content":{"rendered":"<p style=\"text-align: justify;\"><a href=\"http:\/\/folhadosudeste.com\/site\/wp-content\/uploads\/2016\/10\/SINDMODA.jpg\"><img loading=\"lazy\" decoding=\"async\" class=\"aligncenter size-full wp-image-27040\" src=\"http:\/\/folhadosudeste.com\/site\/wp-content\/uploads\/2016\/10\/SINDMODA.jpg\" alt=\"sindmoda\" width=\"620\" height=\"244\" srcset=\"http:\/\/folhadosudeste.com\/site\/wp-content\/uploads\/2016\/10\/SINDMODA.jpg 620w, http:\/\/folhadosudeste.com\/site\/wp-content\/uploads\/2016\/10\/SINDMODA-300x118.jpg 300w\" sizes=\"auto, (max-width: 620px) 100vw, 620px\" \/><\/a><\/p>\n<p style=\"text-align: justify;\">Na \u00faltima sexta (7), foi realizada em Muria\u00e9 a primeira Assembl\u00e9ia de cria\u00e7\u00e3o do Sindicato Intermunicipal das Industrias de Vestu\u00e1rio de Muria\u00e9 e Regi\u00e3o (SINDMODA). O p\u00fablico presente foi composto por confeccionistas, pessoas que far\u00e3o parte da diretoria e autoridades da regi\u00e3o, como os futuros prefeitos Grego (Muria\u00e9), Vasquinho (Eugen\u00f3polis), Dr. Paulo Aziz (Patroc\u00ednio do Muria\u00e9) e Z\u00e9 Maria (Ros\u00e1rio da Limeira), que assumir\u00e3o o pr\u00f3ximo mandato administrativo de seus respectivos munic\u00edpios, a partir de 1\u00ba de janeiro de 2017. Fonte: Silvan Alves.<\/p>\n<p style=\"text-align: justify;\">Saiba mais na edi\u00e7\u00e3o 730 do Folha do Sudeste<\/p>\n<p style=\"text-align: justify;\"><img decoding=\"async\" class=\"ngg_displayed_gallery mceItem\" src=\"http:\/\/folhadosudeste.com\/site\/index.php\/nextgen-attach_to_post\/preview\/id--27103\" alt=\"\" \/><\/p>\n","protected":false},"excerpt":{"rendered":"<p>Na \u00faltima sexta (7), foi realizada em Muria\u00e9 a primeira Assembl\u00e9ia de cria\u00e7\u00e3o do Sindicato Intermunicipal das Industrias de Vestu\u00e1rio de Muria\u00e9 e Regi\u00e3o (SINDMODA). O p\u00fablico presente foi composto por confeccionistas, pessoas que far\u00e3o parte da diretoria e autoridades da regi\u00e3o, como os futuros prefeitos Grego (Muria\u00e9), Vasquinho (Eugen\u00f3polis), Dr. Paulo Aziz (Patroc\u00ednio do [&hellip;]<\/p>\n","protected":false},"author":2,"featured_media":27040,"comment_status":"open","ping_status":"closed","sticky":false,"template":"","format":"standard","meta":{"_joinchat":[],"footnotes":""},"categories":[1],"tags":[],"class_list":["post-27039","post","type-post","status-publish","format-standard","has-post-thumbnail","hentry","category-sem-categoria"],"_links":{"self":[{"href":"http:\/\/folhadosudeste.com\/site\/index.php?rest_route=\/wp\/v2\/posts\/27039","targetHints":{"allow":["GET"]}}],"collection":[{"href":"http:\/\/folhadosudeste.com\/site\/index.php?rest_route=\/wp\/v2\/posts"}],"about":[{"href":"http:\/\/folhadosudeste.com\/site\/index.php?rest_route=\/wp\/v2\/types\/post"}],"author":[{"embeddable":true,"href":"http:\/\/folhadosudeste.com\/site\/index.php?rest_route=\/wp\/v2\/users\/2"}],"replies":[{"embeddable":true,"href":"http:\/\/folhadosudeste.com\/site\/index.php?rest_route=%2Fwp%2Fv2%2Fcomments&post=27039"}],"version-history":[{"count":1,"href":"http:\/\/folhadosudeste.com\/site\/index.php?rest_route=\/wp\/v2\/posts\/27039\/revisions"}],"predecessor-version":[{"id":27104,"href":"http:\/\/folhadosudeste.com\/site\/index.php?rest_route=\/wp\/v2\/posts\/27039\/revisions\/27104"}],"wp:featuredmedia":[{"embeddable":true,"href":"http:\/\/folhadosudeste.com\/site\/index.php?rest_route=\/wp\/v2\/media\/27040"}],"wp:attachment":[{"href":"http:\/\/folhadosudeste.com\/site\/index.php?rest_route=%2Fwp%2Fv2%2Fmedia&parent=27039"}],"wp:term":[{"taxonomy":"category","embeddable":true,"href":"http:\/\/folhadosudeste.com\/site\/index.php?rest_route=%2Fwp%2Fv2%2Fcategories&post=27039"},{"taxonomy":"post_tag","embeddable":true,"href":"http:\/\/folhadosudeste.com\/site\/index.php?rest_route=%2Fwp%2Fv2%2Ftags&post=27039"}],"curies":[{"name":"wp","href":"https:\/\/api.w.org\/{rel}","templated":true}]}}