{"id":27112,"date":"2016-10-14T14:23:02","date_gmt":"2016-10-14T14:23:02","guid":{"rendered":"http:\/\/folhadosudeste.com\/site\/?p=27112"},"modified":"2016-10-14T14:23:11","modified_gmt":"2016-10-14T14:23:11","slug":"ministerio-quadrangular-promove-congresso-de-criancas-juniores","status":"publish","type":"post","link":"http:\/\/folhadosudeste.com\/site\/?p=27112","title":{"rendered":"Minist\u00e9rio Quadrangular Promove Congresso de Crian\u00e7as &#038; Juniores"},"content":{"rendered":"<p style=\"text-align: justify;\"><a href=\"http:\/\/folhadosudeste.com\/site\/wp-content\/uploads\/2016\/10\/IEQ1.jpg\"><img loading=\"lazy\" decoding=\"async\" class=\"aligncenter size-full wp-image-27113\" src=\"http:\/\/folhadosudeste.com\/site\/wp-content\/uploads\/2016\/10\/IEQ1.jpg\" alt=\"ieq\" width=\"620\" height=\"214\" srcset=\"http:\/\/folhadosudeste.com\/site\/wp-content\/uploads\/2016\/10\/IEQ1.jpg 620w, http:\/\/folhadosudeste.com\/site\/wp-content\/uploads\/2016\/10\/IEQ1-300x103.jpg 300w\" sizes=\"auto, (max-width: 620px) 100vw, 620px\" \/><\/a><\/p>\n<p style=\"text-align: justify;\">Aproveitando 12 de outubro Dia das Crian\u00e7as, a IEQ Sede realizou mais um Congresso de Crian\u00e7as &amp; Juniores, com a participa\u00e7\u00e3o de mais de 800 delas, junto a seus familiares. Embora nem todas as IEQs tenham estado presentes, o p\u00fablico foi numeroso. Para o Superintendente Regional Reverendo Wilson Reis, foi uma tarde de b\u00ean\u00e7\u00e3os para as crian\u00e7as e suas fam\u00edlias, que estiveram presentes. Segundo ele, a equipe do Minist\u00e9rio Quadrangular sentiu-se gratificada com o que Deus est\u00e1 fazendo e a preocupa\u00e7\u00e3o deve ser justamente com as crian\u00e7as, porque s\u00e3o o presente e o futuro de nossas igrejas e do nosso pa\u00eds.<\/p>\n<p style=\"text-align: justify;\">Saiba mais na edi\u00e7\u00e3o 730 do Folha do Sudeste<\/p>\n<p style=\"text-align: justify;\"><img decoding=\"async\" class=\"ngg_displayed_gallery mceItem\" src=\"http:\/\/folhadosudeste.com\/site\/index.php\/nextgen-attach_to_post\/preview\/id--27138\" alt=\"\" \/><\/p>\n<p style=\"text-align: justify;\">\n","protected":false},"excerpt":{"rendered":"<p>Aproveitando 12 de outubro Dia das Crian\u00e7as, a IEQ Sede realizou mais um Congresso de Crian\u00e7as &amp; Juniores, com a participa\u00e7\u00e3o de mais de 800 delas, junto a seus familiares. Embora nem todas as IEQs tenham estado presentes, o p\u00fablico foi numeroso. Para o Superintendente Regional Reverendo Wilson Reis, foi uma tarde de b\u00ean\u00e7\u00e3os para [&hellip;]<\/p>\n","protected":false},"author":2,"featured_media":27113,"comment_status":"open","ping_status":"closed","sticky":false,"template":"","format":"standard","meta":{"_joinchat":[],"footnotes":""},"categories":[1],"tags":[],"class_list":["post-27112","post","type-post","status-publish","format-standard","has-post-thumbnail","hentry","category-sem-categoria"],"_links":{"self":[{"href":"http:\/\/folhadosudeste.com\/site\/index.php?rest_route=\/wp\/v2\/posts\/27112","targetHints":{"allow":["GET"]}}],"collection":[{"href":"http:\/\/folhadosudeste.com\/site\/index.php?rest_route=\/wp\/v2\/posts"}],"about":[{"href":"http:\/\/folhadosudeste.com\/site\/index.php?rest_route=\/wp\/v2\/types\/post"}],"author":[{"embeddable":true,"href":"http:\/\/folhadosudeste.com\/site\/index.php?rest_route=\/wp\/v2\/users\/2"}],"replies":[{"embeddable":true,"href":"http:\/\/folhadosudeste.com\/site\/index.php?rest_route=%2Fwp%2Fv2%2Fcomments&post=27112"}],"version-history":[{"count":1,"href":"http:\/\/folhadosudeste.com\/site\/index.php?rest_route=\/wp\/v2\/posts\/27112\/revisions"}],"predecessor-version":[{"id":27139,"href":"http:\/\/folhadosudeste.com\/site\/index.php?rest_route=\/wp\/v2\/posts\/27112\/revisions\/27139"}],"wp:featuredmedia":[{"embeddable":true,"href":"http:\/\/folhadosudeste.com\/site\/index.php?rest_route=\/wp\/v2\/media\/27113"}],"wp:attachment":[{"href":"http:\/\/folhadosudeste.com\/site\/index.php?rest_route=%2Fwp%2Fv2%2Fmedia&parent=27112"}],"wp:term":[{"taxonomy":"category","embeddable":true,"href":"http:\/\/folhadosudeste.com\/site\/index.php?rest_route=%2Fwp%2Fv2%2Fcategories&post=27112"},{"taxonomy":"post_tag","embeddable":true,"href":"http:\/\/folhadosudeste.com\/site\/index.php?rest_route=%2Fwp%2Fv2%2Ftags&post=27112"}],"curies":[{"name":"wp","href":"https:\/\/api.w.org\/{rel}","templated":true}]}}