{"id":27144,"date":"2016-10-19T10:37:08","date_gmt":"2016-10-19T10:37:08","guid":{"rendered":"http:\/\/folhadosudeste.com\/site\/?p=27144"},"modified":"2016-10-19T10:37:08","modified_gmt":"2016-10-19T10:37:08","slug":"decisao-da-justica-federal-em-brasilia-suspende-o-reajuste-da-geap-para-os-associados-incluidos-na-2o-acao-judicial","status":"publish","type":"post","link":"http:\/\/folhadosudeste.com\/site\/?p=27144","title":{"rendered":"Decis\u00e3o da Justi\u00e7a Federal em Bras\u00edlia suspende o reajuste da GEAP para os associados inclu\u00eddos na 2\u00ba A\u00e7\u00e3o Judicial"},"content":{"rendered":"<p><a href=\"http:\/\/folhadosudeste.com\/site\/wp-content\/uploads\/2016\/10\/Logo-Anasps-vetorizada-em-AZUL-E-BRANCO.png\"><img loading=\"lazy\" decoding=\"async\" class=\"aligncenter wp-image-27145 size-large\" src=\"http:\/\/folhadosudeste.com\/site\/wp-content\/uploads\/2016\/10\/Logo-Anasps-vetorizada-em-AZUL-E-BRANCO-673x1024.png\" alt=\"logo-anasps-vetorizada-em-azul-e-branco\" width=\"620\" height=\"943\" srcset=\"http:\/\/folhadosudeste.com\/site\/wp-content\/uploads\/2016\/10\/Logo-Anasps-vetorizada-em-AZUL-E-BRANCO-673x1024.png 673w, http:\/\/folhadosudeste.com\/site\/wp-content\/uploads\/2016\/10\/Logo-Anasps-vetorizada-em-AZUL-E-BRANCO-197x300.png 197w, http:\/\/folhadosudeste.com\/site\/wp-content\/uploads\/2016\/10\/Logo-Anasps-vetorizada-em-AZUL-E-BRANCO.png 1053w\" sizes=\"auto, (max-width: 620px) 100vw, 620px\" \/><\/a><\/p>\n<p><strong><em>O juiz da 4\u00aa vara da se\u00e7\u00e3o judici\u00e1ria federal, reformou o entendimento anterior para firmar a compet\u00eancia da Justi\u00e7a Federal, para julgar a a\u00e7\u00e3o e reconhecer o interesse e a legitimidade da Uni\u00e3o, na segunda a\u00e7\u00e3o judicial movida pela ANASPS contra o n\u00famero de aumento de 37,55% do plano de sa\u00fade da GEAP, beneficiando os associados da GEAP que integram a segunda a\u00e7\u00e3o contra o aumento.<\/em><\/strong><\/p>\n<p><strong><em>Ademais, determinou a imediata suspens\u00e3o do reajuste at\u00e9 a decis\u00e3o posterior por considerar &#8220;no caso, h\u00e1 grande probabilidade do reajuste implementado pela operadora em quest\u00e3o, acabar por inviabilizar a perman\u00eancia de in\u00fameros segurados, que, aparentemente, pode caracterizar um reajuste abusivo. Al\u00e9m disso, merece destaque a informa\u00e7\u00e3o trazida pela autora consubstanciada no fato de que apenas a contribui\u00e7\u00e3o paga pelos segurados, foi reajustada em \u00edndices t\u00e3o elevados enquanto a cota custeada pela Administra\u00e7\u00e3o sofreu um aumento bem inferior&#8221;.<\/em><\/strong><\/p>\n<p><strong><em>A decis\u00e3o beneficia os associados da ANASPS na Segunda a\u00e7\u00e3o, que n\u00e3o pagar\u00e3o o aumento de mais de 37,55% imposto pelo Conselho de Administra\u00e7\u00e3o da GEAP, o qual inclusive j\u00e1 foi notificado da determina\u00e7\u00e3o judicial, devendo cumpri-la imediatamente.<\/em><\/strong><\/p>\n<p><strong><em>Quanto ao Primeiro Grupo, permanece a decis\u00e3o da 22\u00aa Vara Federal da Se\u00e7\u00e3o Judici\u00e1ria do Distrito Federal, que limitou o reajuste do plano de sa\u00fade em 20%.<\/em><\/strong><\/p>\n","protected":false},"excerpt":{"rendered":"<p>O juiz da 4\u00aa vara da se\u00e7\u00e3o judici\u00e1ria federal, reformou o entendimento anterior para firmar a compet\u00eancia da Justi\u00e7a Federal, para julgar a a\u00e7\u00e3o e reconhecer o interesse e a legitimidade da Uni\u00e3o, na segunda a\u00e7\u00e3o judicial movida pela ANASPS contra o n\u00famero de aumento de 37,55% do plano de sa\u00fade da GEAP, beneficiando os [&hellip;]<\/p>\n","protected":false},"author":6,"featured_media":27145,"comment_status":"open","ping_status":"closed","sticky":false,"template":"","format":"standard","meta":{"_joinchat":[],"footnotes":""},"categories":[1],"tags":[],"class_list":["post-27144","post","type-post","status-publish","format-standard","has-post-thumbnail","hentry","category-sem-categoria"],"_links":{"self":[{"href":"http:\/\/folhadosudeste.com\/site\/index.php?rest_route=\/wp\/v2\/posts\/27144","targetHints":{"allow":["GET"]}}],"collection":[{"href":"http:\/\/folhadosudeste.com\/site\/index.php?rest_route=\/wp\/v2\/posts"}],"about":[{"href":"http:\/\/folhadosudeste.com\/site\/index.php?rest_route=\/wp\/v2\/types\/post"}],"author":[{"embeddable":true,"href":"http:\/\/folhadosudeste.com\/site\/index.php?rest_route=\/wp\/v2\/users\/6"}],"replies":[{"embeddable":true,"href":"http:\/\/folhadosudeste.com\/site\/index.php?rest_route=%2Fwp%2Fv2%2Fcomments&post=27144"}],"version-history":[{"count":1,"href":"http:\/\/folhadosudeste.com\/site\/index.php?rest_route=\/wp\/v2\/posts\/27144\/revisions"}],"predecessor-version":[{"id":27146,"href":"http:\/\/folhadosudeste.com\/site\/index.php?rest_route=\/wp\/v2\/posts\/27144\/revisions\/27146"}],"wp:featuredmedia":[{"embeddable":true,"href":"http:\/\/folhadosudeste.com\/site\/index.php?rest_route=\/wp\/v2\/media\/27145"}],"wp:attachment":[{"href":"http:\/\/folhadosudeste.com\/site\/index.php?rest_route=%2Fwp%2Fv2%2Fmedia&parent=27144"}],"wp:term":[{"taxonomy":"category","embeddable":true,"href":"http:\/\/folhadosudeste.com\/site\/index.php?rest_route=%2Fwp%2Fv2%2Fcategories&post=27144"},{"taxonomy":"post_tag","embeddable":true,"href":"http:\/\/folhadosudeste.com\/site\/index.php?rest_route=%2Fwp%2Fv2%2Ftags&post=27144"}],"curies":[{"name":"wp","href":"https:\/\/api.w.org\/{rel}","templated":true}]}}