{"id":27148,"date":"2016-10-21T12:46:21","date_gmt":"2016-10-21T12:46:21","guid":{"rendered":"http:\/\/folhadosudeste.com\/site\/?p=27148"},"modified":"2016-10-21T13:10:56","modified_gmt":"2016-10-21T13:10:56","slug":"baiano-e-parceiros-do-camelodromo-promovem-festa-para-as-criancas","status":"publish","type":"post","link":"http:\/\/folhadosudeste.com\/site\/?p=27148","title":{"rendered":"Baiano e parceiros do Camel\u00f3dromo promovem Festa para as Crian\u00e7as"},"content":{"rendered":"<p style=\"text-align: justify;\"><a href=\"http:\/\/folhadosudeste.com\/site\/wp-content\/uploads\/2016\/10\/BAIANO.jpg\"><img loading=\"lazy\" decoding=\"async\" class=\"aligncenter size-full wp-image-27149\" src=\"http:\/\/folhadosudeste.com\/site\/wp-content\/uploads\/2016\/10\/BAIANO.jpg\" alt=\"baiano\" width=\"620\" height=\"309\" srcset=\"http:\/\/folhadosudeste.com\/site\/wp-content\/uploads\/2016\/10\/BAIANO.jpg 620w, http:\/\/folhadosudeste.com\/site\/wp-content\/uploads\/2016\/10\/BAIANO-300x149.jpg 300w\" sizes=\"auto, (max-width: 620px) 100vw, 620px\" \/><\/a><\/p>\n<p style=\"text-align: justify;\">\u00a0Em comemora\u00e7\u00e3o ao Dia das Crian\u00e7as, Baiano Camel\u00f4 e seus parceiros do Camel\u00f3dromo (localizado em frente \u00e0 Rodovi\u00e1ria), promoveram no local uma festa no domingo 16 de outubro. Baiano preferiu fazer a festa ap\u00f3s o Dia das Crian\u00e7as, porque veio de uma campanha pol\u00edtica cansativa.<\/p>\n<p style=\"text-align: justify;\">Saiba mais na edi\u00e7\u00e3o 731 do Folha do Sudeste<\/p>\n<p style=\"text-align: justify;\"><img decoding=\"async\" class=\"ngg_displayed_gallery mceItem\" src=\"http:\/\/folhadosudeste.com\/site\/index.php\/nextgen-attach_to_post\/preview\/id--27168\" alt=\"\" \/><\/p>\n","protected":false},"excerpt":{"rendered":"<p>\u00a0Em comemora\u00e7\u00e3o ao Dia das Crian\u00e7as, Baiano Camel\u00f4 e seus parceiros do Camel\u00f3dromo (localizado em frente \u00e0 Rodovi\u00e1ria), promoveram no local uma festa no domingo 16 de outubro. Baiano preferiu fazer a festa ap\u00f3s o Dia das Crian\u00e7as, porque veio de uma campanha pol\u00edtica cansativa. Saiba mais na edi\u00e7\u00e3o 731 do Folha do Sudeste<\/p>\n","protected":false},"author":2,"featured_media":27149,"comment_status":"open","ping_status":"closed","sticky":false,"template":"","format":"standard","meta":{"_joinchat":[],"footnotes":""},"categories":[1],"tags":[],"class_list":["post-27148","post","type-post","status-publish","format-standard","has-post-thumbnail","hentry","category-sem-categoria"],"_links":{"self":[{"href":"http:\/\/folhadosudeste.com\/site\/index.php?rest_route=\/wp\/v2\/posts\/27148","targetHints":{"allow":["GET"]}}],"collection":[{"href":"http:\/\/folhadosudeste.com\/site\/index.php?rest_route=\/wp\/v2\/posts"}],"about":[{"href":"http:\/\/folhadosudeste.com\/site\/index.php?rest_route=\/wp\/v2\/types\/post"}],"author":[{"embeddable":true,"href":"http:\/\/folhadosudeste.com\/site\/index.php?rest_route=\/wp\/v2\/users\/2"}],"replies":[{"embeddable":true,"href":"http:\/\/folhadosudeste.com\/site\/index.php?rest_route=%2Fwp%2Fv2%2Fcomments&post=27148"}],"version-history":[{"count":2,"href":"http:\/\/folhadosudeste.com\/site\/index.php?rest_route=\/wp\/v2\/posts\/27148\/revisions"}],"predecessor-version":[{"id":27343,"href":"http:\/\/folhadosudeste.com\/site\/index.php?rest_route=\/wp\/v2\/posts\/27148\/revisions\/27343"}],"wp:featuredmedia":[{"embeddable":true,"href":"http:\/\/folhadosudeste.com\/site\/index.php?rest_route=\/wp\/v2\/media\/27149"}],"wp:attachment":[{"href":"http:\/\/folhadosudeste.com\/site\/index.php?rest_route=%2Fwp%2Fv2%2Fmedia&parent=27148"}],"wp:term":[{"taxonomy":"category","embeddable":true,"href":"http:\/\/folhadosudeste.com\/site\/index.php?rest_route=%2Fwp%2Fv2%2Fcategories&post=27148"},{"taxonomy":"post_tag","embeddable":true,"href":"http:\/\/folhadosudeste.com\/site\/index.php?rest_route=%2Fwp%2Fv2%2Ftags&post=27148"}],"curies":[{"name":"wp","href":"https:\/\/api.w.org\/{rel}","templated":true}]}}