{"id":27170,"date":"2016-10-21T12:48:25","date_gmt":"2016-10-21T12:48:25","guid":{"rendered":"http:\/\/folhadosudeste.com\/site\/?p=27170"},"modified":"2016-10-21T13:10:38","modified_gmt":"2016-10-21T13:10:38","slug":"cro-mg-promove-forum-clinico-para-o-clinico-geral","status":"publish","type":"post","link":"http:\/\/folhadosudeste.com\/site\/?p=27170","title":{"rendered":"CRO-MG promove F\u00f3rum Cl\u00ednico para o Cl\u00ednico Geral"},"content":{"rendered":"<p><a href=\"http:\/\/folhadosudeste.com\/site\/wp-content\/uploads\/2016\/10\/DENTISTAS.jpg\"><img loading=\"lazy\" decoding=\"async\" class=\"aligncenter size-full wp-image-27171\" src=\"http:\/\/folhadosudeste.com\/site\/wp-content\/uploads\/2016\/10\/DENTISTAS.jpg\" alt=\"dentistas\" width=\"620\" height=\"261\" srcset=\"http:\/\/folhadosudeste.com\/site\/wp-content\/uploads\/2016\/10\/DENTISTAS.jpg 620w, http:\/\/folhadosudeste.com\/site\/wp-content\/uploads\/2016\/10\/DENTISTAS-300x126.jpg 300w\" sizes=\"auto, (max-width: 620px) 100vw, 620px\" \/><\/a><\/p>\n<p style=\"text-align: justify;\">Com o objetivo de promover a import\u00e2ncia da sa\u00fade bucal e discutir a valoriza\u00e7\u00e3o profissional dos dentistas, o Conselho Regional de Odontologia de Minas Gerais (CRO-MG) realizou, na sexta-feira 14 de outubro, o II F\u00f3rum Cl\u00ednico do Programa de Educa\u00e7\u00e3o Permanente para o Cl\u00ednico Geral. As atividades foram comemorativas ao Dia do Cirurgi\u00e3o-Dentista, oficialmente festejado em 25 de outubro. O p\u00fablico-alvo foram os profissionais da \u00e1rea, que tiveram uma excelente oportunidade de atualizar seus conhecimentos.<\/p>\n<p style=\"text-align: justify;\">Saiba mais na edi\u00e7\u00e3o 731 do Folha do Sudeste<\/p>\n<p style=\"text-align: justify;\"><img decoding=\"async\" class=\"ngg_displayed_gallery mceItem\" src=\"http:\/\/folhadosudeste.com\/site\/index.php\/nextgen-attach_to_post\/preview\/id--27200\" alt=\"\" \/><\/p>\n","protected":false},"excerpt":{"rendered":"<p>Com o objetivo de promover a import\u00e2ncia da sa\u00fade bucal e discutir a valoriza\u00e7\u00e3o profissional dos dentistas, o Conselho Regional de Odontologia de Minas Gerais (CRO-MG) realizou, na sexta-feira 14 de outubro, o II F\u00f3rum Cl\u00ednico do Programa de Educa\u00e7\u00e3o Permanente para o Cl\u00ednico Geral. As atividades foram comemorativas ao Dia do Cirurgi\u00e3o-Dentista, oficialmente festejado [&hellip;]<\/p>\n","protected":false},"author":2,"featured_media":27171,"comment_status":"open","ping_status":"closed","sticky":false,"template":"","format":"standard","meta":{"_joinchat":[],"footnotes":""},"categories":[1],"tags":[],"class_list":["post-27170","post","type-post","status-publish","format-standard","has-post-thumbnail","hentry","category-sem-categoria"],"_links":{"self":[{"href":"http:\/\/folhadosudeste.com\/site\/index.php?rest_route=\/wp\/v2\/posts\/27170","targetHints":{"allow":["GET"]}}],"collection":[{"href":"http:\/\/folhadosudeste.com\/site\/index.php?rest_route=\/wp\/v2\/posts"}],"about":[{"href":"http:\/\/folhadosudeste.com\/site\/index.php?rest_route=\/wp\/v2\/types\/post"}],"author":[{"embeddable":true,"href":"http:\/\/folhadosudeste.com\/site\/index.php?rest_route=\/wp\/v2\/users\/2"}],"replies":[{"embeddable":true,"href":"http:\/\/folhadosudeste.com\/site\/index.php?rest_route=%2Fwp%2Fv2%2Fcomments&post=27170"}],"version-history":[{"count":2,"href":"http:\/\/folhadosudeste.com\/site\/index.php?rest_route=\/wp\/v2\/posts\/27170\/revisions"}],"predecessor-version":[{"id":27342,"href":"http:\/\/folhadosudeste.com\/site\/index.php?rest_route=\/wp\/v2\/posts\/27170\/revisions\/27342"}],"wp:featuredmedia":[{"embeddable":true,"href":"http:\/\/folhadosudeste.com\/site\/index.php?rest_route=\/wp\/v2\/media\/27171"}],"wp:attachment":[{"href":"http:\/\/folhadosudeste.com\/site\/index.php?rest_route=%2Fwp%2Fv2%2Fmedia&parent=27170"}],"wp:term":[{"taxonomy":"category","embeddable":true,"href":"http:\/\/folhadosudeste.com\/site\/index.php?rest_route=%2Fwp%2Fv2%2Fcategories&post=27170"},{"taxonomy":"post_tag","embeddable":true,"href":"http:\/\/folhadosudeste.com\/site\/index.php?rest_route=%2Fwp%2Fv2%2Ftags&post=27170"}],"curies":[{"name":"wp","href":"https:\/\/api.w.org\/{rel}","templated":true}]}}