{"id":27220,"date":"2016-10-21T12:59:39","date_gmt":"2016-10-21T12:59:39","guid":{"rendered":"http:\/\/folhadosudeste.com\/site\/?p=27220"},"modified":"2016-10-21T13:09:59","modified_gmt":"2016-10-21T13:09:59","slug":"alegria-e-muita-diversao-para-as-criancas-da-fundacao-cristiano-varella","status":"publish","type":"post","link":"http:\/\/folhadosudeste.com\/site\/?p=27220","title":{"rendered":"Alegria e muita divers\u00e3o para as Crian\u00e7as da Funda\u00e7\u00e3o Cristiano Varella"},"content":{"rendered":"<p style=\"text-align: justify;\"><a href=\"http:\/\/folhadosudeste.com\/site\/wp-content\/uploads\/2016\/10\/FUNDA\u00c7\u00c3O.jpg\"><img loading=\"lazy\" decoding=\"async\" class=\"aligncenter size-full wp-image-27221\" src=\"http:\/\/folhadosudeste.com\/site\/wp-content\/uploads\/2016\/10\/FUNDA\u00c7\u00c3O.jpg\" alt=\"fundacao\" width=\"620\" height=\"348\" srcset=\"http:\/\/folhadosudeste.com\/site\/wp-content\/uploads\/2016\/10\/FUNDA\u00c7\u00c3O.jpg 620w, http:\/\/folhadosudeste.com\/site\/wp-content\/uploads\/2016\/10\/FUNDA\u00c7\u00c3O-300x168.jpg 300w\" sizes=\"auto, (max-width: 620px) 100vw, 620px\" \/><\/a><\/p>\n<p style=\"text-align: justify;\">\u00a0Na sexta-feira, dia 14 de outubro, a Funda\u00e7\u00e3o Cristiano Varella realizou mais uma edi\u00e7\u00e3o da festa do Dia das Crian\u00e7as, que j\u00e1 \u00e9 tradicional no Hospital, e contou com a presen\u00e7a das crian\u00e7as em tratamento e daquelas que j\u00e1 est\u00e3o apenas em acompanhamento. Teve brinquedos, doces, brincadeiras e presentes para todas as crian\u00e7as e gra\u00e7as ao apoio de colaboradores, al\u00e9m de empres\u00e1rios e volunt\u00e1rios.<\/p>\n<p style=\"text-align: justify;\">Saiba mais na edi\u00e7\u00e3o 731 do Folha do Sudeste<\/p>\n<p style=\"text-align: justify;\"><img decoding=\"async\" class=\"ngg_displayed_gallery mceItem\" src=\"http:\/\/folhadosudeste.com\/site\/index.php\/nextgen-attach_to_post\/preview\/id--27252\" alt=\"\" \/><\/p>\n","protected":false},"excerpt":{"rendered":"<p>\u00a0Na sexta-feira, dia 14 de outubro, a Funda\u00e7\u00e3o Cristiano Varella realizou mais uma edi\u00e7\u00e3o da festa do Dia das Crian\u00e7as, que j\u00e1 \u00e9 tradicional no Hospital, e contou com a presen\u00e7a das crian\u00e7as em tratamento e daquelas que j\u00e1 est\u00e3o apenas em acompanhamento. Teve brinquedos, doces, brincadeiras e presentes para todas as crian\u00e7as e gra\u00e7as [&hellip;]<\/p>\n","protected":false},"author":2,"featured_media":27221,"comment_status":"open","ping_status":"closed","sticky":false,"template":"","format":"standard","meta":{"_joinchat":[],"footnotes":""},"categories":[1],"tags":[],"class_list":["post-27220","post","type-post","status-publish","format-standard","has-post-thumbnail","hentry","category-sem-categoria"],"_links":{"self":[{"href":"http:\/\/folhadosudeste.com\/site\/index.php?rest_route=\/wp\/v2\/posts\/27220","targetHints":{"allow":["GET"]}}],"collection":[{"href":"http:\/\/folhadosudeste.com\/site\/index.php?rest_route=\/wp\/v2\/posts"}],"about":[{"href":"http:\/\/folhadosudeste.com\/site\/index.php?rest_route=\/wp\/v2\/types\/post"}],"author":[{"embeddable":true,"href":"http:\/\/folhadosudeste.com\/site\/index.php?rest_route=\/wp\/v2\/users\/2"}],"replies":[{"embeddable":true,"href":"http:\/\/folhadosudeste.com\/site\/index.php?rest_route=%2Fwp%2Fv2%2Fcomments&post=27220"}],"version-history":[{"count":2,"href":"http:\/\/folhadosudeste.com\/site\/index.php?rest_route=\/wp\/v2\/posts\/27220\/revisions"}],"predecessor-version":[{"id":27340,"href":"http:\/\/folhadosudeste.com\/site\/index.php?rest_route=\/wp\/v2\/posts\/27220\/revisions\/27340"}],"wp:featuredmedia":[{"embeddable":true,"href":"http:\/\/folhadosudeste.com\/site\/index.php?rest_route=\/wp\/v2\/media\/27221"}],"wp:attachment":[{"href":"http:\/\/folhadosudeste.com\/site\/index.php?rest_route=%2Fwp%2Fv2%2Fmedia&parent=27220"}],"wp:term":[{"taxonomy":"category","embeddable":true,"href":"http:\/\/folhadosudeste.com\/site\/index.php?rest_route=%2Fwp%2Fv2%2Fcategories&post=27220"},{"taxonomy":"post_tag","embeddable":true,"href":"http:\/\/folhadosudeste.com\/site\/index.php?rest_route=%2Fwp%2Fv2%2Ftags&post=27220"}],"curies":[{"name":"wp","href":"https:\/\/api.w.org\/{rel}","templated":true}]}}