{"id":27410,"date":"2016-10-28T11:26:16","date_gmt":"2016-10-28T11:26:16","guid":{"rendered":"http:\/\/folhadosudeste.com\/site\/?p=27410"},"modified":"2016-10-28T11:26:16","modified_gmt":"2016-10-28T11:26:16","slug":"ubuntu-sou-porque-somos-curta-metragem-e-gravado-em-muriae","status":"publish","type":"post","link":"http:\/\/folhadosudeste.com\/site\/?p=27410","title":{"rendered":"UBUNTU \u2013 SOU PORQUE SOMOS: Curta-metragem \u00e9 gravado em Muria\u00e9"},"content":{"rendered":"<p><a href=\"http:\/\/folhadosudeste.com\/site\/wp-content\/uploads\/2016\/10\/MAIOR8.jpg\"><img loading=\"lazy\" decoding=\"async\" class=\"aligncenter wp-image-27411 size-full\" src=\"http:\/\/folhadosudeste.com\/site\/wp-content\/uploads\/2016\/10\/MAIOR8.jpg\" alt=\"maior\" width=\"800\" height=\"530\" srcset=\"http:\/\/folhadosudeste.com\/site\/wp-content\/uploads\/2016\/10\/MAIOR8.jpg 800w, http:\/\/folhadosudeste.com\/site\/wp-content\/uploads\/2016\/10\/MAIOR8-300x198.jpg 300w\" sizes=\"auto, (max-width: 800px) 100vw, 800px\" \/><\/a><\/p>\n<p>O diretor Euler Luz, reconhecido por seus grandes trabalhos relacionados ao cinema, lidera um novo projeto com grandes expectativas de resultados art\u00edstico: o curta-metragem que levar\u00e1 o nome Ubuntu. Segundo ele, foram marcados 4 dias de grava\u00e7\u00e3o e trata-se de um projeto amparado pela Lei Alcyr Pires Vermelho. O curta deve ficar em torno de 15 minutos, voltado ao p\u00fablico infanto-juvenil, por isso chamado Ubuntu. \u00c9 algo novo, uma cultura em que foram reunidos v\u00e1rios garotos de uma tribo, colocaram uma cesta de doces e guloseimas em uma \u00e1rvore e mandaram eles apostarem uma corrida, pois o que chegasse primeiro seria o dono da cesta. Quando foi dada a largada, eles simplesmente deram as m\u00e3os e sa\u00edram gritando Ubuntu, chegando juntos na cesta e distribuindo entre eles. O professor n\u00e3o entendeu nada e perguntou o \u2018por qu\u00ea\u2019, enquanto eles disseram que n\u00e3o adiantava pegar a cesta, ficar feliz e ver os colegas tristes sem os doces. Foi a\u00ed que nasceu o conceito do Ubuntu \u2013 eu sou, porque n\u00f3s somos.<\/p>\n<p><em>\u201cNosso filme tem como roteiro uma disputa escolar entre duas equipes e escolhemos o cen\u00e1rio da Escola S\u00e3o Paulo, por ser t\u00e3o tradicional em Muria\u00e9. Ocorre uma rivalidade muito grande entre os alunos, at\u00e9 que duas delas, que est\u00e3o para disputar uma corrida, se machuca e fica de fora. J\u00e1 estavam at\u00e9 come\u00e7ando brigas entre os colegas. A outra tamb\u00e9m diz que est\u00e1 machucada, mas n\u00e3o era verdade, disse apenas para n\u00e3o pegar o trof\u00e9u sem que houvesse realmente uma disputa entre elas. Essa \u00e9 a principal mensagem do filme. Gravamos em v\u00e1rios lugares, como academias, casas, campos e o encerramento foi na Escola S\u00e3o Paulo. Aproveitamos alguns alunos que j\u00e1 est\u00e3o trabalhando com teatro h\u00e1 algum tempo, j\u00e1 fizeram outras experi\u00eancias de cinema e agregamos os mesmos com atores principais, o Ailton Malta, o Gil Narrara e duas atrizes que fizeram os pap\u00e9is principais, que foram a Pietra e a Sabrina Pedrosa, as quais atuaram muito bem\u201d,<\/em> explica. Ele acredita que demora cerca de 1 m\u00eas para o lan\u00e7amento ap\u00f3s a grava\u00e7\u00e3o, porque tem que ser feita a edi\u00e7\u00e3o, tratamento de cor e som. A dire\u00e7\u00e3o do Cine Veredas convidou para que o lan\u00e7amento fosse feito aqui. Euler tem tamb\u00e9m outro curta que est\u00e1 finalizando e se chama \u2018A tua presen\u00e7a\u2019. <em>\u201cEstou pensando em fazer o lan\u00e7amento dos dois, depois pretendemos lan\u00e7ar para festivais e mais tarde disponibilizar na internet. Agrade\u00e7o todos que nos apoiaram e participaram conosco. Um agradecimento especial tamb\u00e9m ao Diretor Jos\u00e9 Nicodemos Couto, que nos disponibilizou a Escola S\u00e3o Paulo\u201d,<\/em> acrescenta.<\/p>\n<p>&nbsp;<\/p>\n<p><strong>EQUIPE T\u00c9CNICA<\/strong><\/p>\n<p><strong>Diretor:<\/strong> EULER LUZ<\/p>\n<p><strong>Dire\u00e7\u00e3o de Fotografia: <\/strong>Raphael Phields<\/p>\n<p><strong>Produ\u00e7\u00e3o e Arte:<\/strong> Fernanda de Paula<\/p>\n<p><strong>Assistente de Dire\u00e7\u00e3o:<\/strong> Teresa Cristina Pontes<\/p>\n<p><strong>Som Direto:<\/strong> Cl\u00f3vis Agostini<\/p>\n<p>&nbsp;<\/p>\n<p><strong>ELENCO PRINCIPAL:<\/strong> Pietra Almeida, Sabrina Pedrosa, Gil Narrara, C\u00e9lia Couto, Ailton Malta.<\/p>\n<p><img decoding=\"async\" class=\"ngg_displayed_gallery mceItem\" src=\"http:\/\/folhadosudeste.com\/site\/index.php\/nextgen-attach_to_post\/preview\/id--27420\" alt=\"\" \/><\/p>\n","protected":false},"excerpt":{"rendered":"<p>O diretor Euler Luz, reconhecido por seus grandes trabalhos relacionados ao cinema, lidera um novo projeto com grandes expectativas de resultados art\u00edstico: o curta-metragem que levar\u00e1 o nome Ubuntu. Segundo ele, foram marcados 4 dias de grava\u00e7\u00e3o e trata-se de um projeto amparado pela Lei Alcyr Pires Vermelho. O curta deve ficar em torno de [&hellip;]<\/p>\n","protected":false},"author":6,"featured_media":27411,"comment_status":"open","ping_status":"closed","sticky":false,"template":"","format":"standard","meta":{"_joinchat":[],"footnotes":""},"categories":[1],"tags":[],"class_list":["post-27410","post","type-post","status-publish","format-standard","has-post-thumbnail","hentry","category-sem-categoria"],"_links":{"self":[{"href":"http:\/\/folhadosudeste.com\/site\/index.php?rest_route=\/wp\/v2\/posts\/27410","targetHints":{"allow":["GET"]}}],"collection":[{"href":"http:\/\/folhadosudeste.com\/site\/index.php?rest_route=\/wp\/v2\/posts"}],"about":[{"href":"http:\/\/folhadosudeste.com\/site\/index.php?rest_route=\/wp\/v2\/types\/post"}],"author":[{"embeddable":true,"href":"http:\/\/folhadosudeste.com\/site\/index.php?rest_route=\/wp\/v2\/users\/6"}],"replies":[{"embeddable":true,"href":"http:\/\/folhadosudeste.com\/site\/index.php?rest_route=%2Fwp%2Fv2%2Fcomments&post=27410"}],"version-history":[{"count":1,"href":"http:\/\/folhadosudeste.com\/site\/index.php?rest_route=\/wp\/v2\/posts\/27410\/revisions"}],"predecessor-version":[{"id":27421,"href":"http:\/\/folhadosudeste.com\/site\/index.php?rest_route=\/wp\/v2\/posts\/27410\/revisions\/27421"}],"wp:featuredmedia":[{"embeddable":true,"href":"http:\/\/folhadosudeste.com\/site\/index.php?rest_route=\/wp\/v2\/media\/27411"}],"wp:attachment":[{"href":"http:\/\/folhadosudeste.com\/site\/index.php?rest_route=%2Fwp%2Fv2%2Fmedia&parent=27410"}],"wp:term":[{"taxonomy":"category","embeddable":true,"href":"http:\/\/folhadosudeste.com\/site\/index.php?rest_route=%2Fwp%2Fv2%2Fcategories&post=27410"},{"taxonomy":"post_tag","embeddable":true,"href":"http:\/\/folhadosudeste.com\/site\/index.php?rest_route=%2Fwp%2Fv2%2Ftags&post=27410"}],"curies":[{"name":"wp","href":"https:\/\/api.w.org\/{rel}","templated":true}]}}