{"id":27422,"date":"2016-10-28T11:28:43","date_gmt":"2016-10-28T11:28:43","guid":{"rendered":"http:\/\/folhadosudeste.com\/site\/?p=27422"},"modified":"2016-10-28T11:46:32","modified_gmt":"2016-10-28T11:46:32","slug":"muriae-prev-festeja-o-dia-do-servidor-e-comemora-resultados","status":"publish","type":"post","link":"http:\/\/folhadosudeste.com\/site\/?p=27422","title":{"rendered":"MURIA\u00c9-PREV festeja o Dia do Servidor e comemora resultados"},"content":{"rendered":"<p><a href=\"http:\/\/folhadosudeste.com\/site\/wp-content\/uploads\/2016\/10\/MAIOR9.jpg\"><img loading=\"lazy\" decoding=\"async\" class=\"aligncenter wp-image-27423 size-full\" src=\"http:\/\/folhadosudeste.com\/site\/wp-content\/uploads\/2016\/10\/MAIOR9.jpg\" alt=\"maior\" width=\"800\" height=\"530\" srcset=\"http:\/\/folhadosudeste.com\/site\/wp-content\/uploads\/2016\/10\/MAIOR9.jpg 800w, http:\/\/folhadosudeste.com\/site\/wp-content\/uploads\/2016\/10\/MAIOR9-300x198.jpg 300w\" sizes=\"auto, (max-width: 800px) 100vw, 800px\" \/><\/a><\/p>\n<p>O MURIA\u00c9-PREV \u2013 Fundo Previdenci\u00e1rio de Muria\u00e9 realizou, na noite da \u00faltima quarta (26), uma solenidade especial de comemora\u00e7\u00e3o ao Dia do Servidor P\u00fablico, oficialmente celebrada no dia 28 de outubro. Na ocasi\u00e3o, foi apresentado o desempenho da institui\u00e7\u00e3o, que tem se destacado no estado de Minas Gerais. Foi servido um coquetel aos servidores, que marcaram presen\u00e7a e foram prestigiados neste momento t\u00e3o especial.<\/p>\n<p>O palestrante Dr. M\u00e1rio Luiz Brunhara \u00e9 de Morro Agudo SP (pr\u00f3ximo a Ribeir\u00e3o Preto) e esteve pela segunda vez em Muria\u00e9, motivo que lhe honra muito e agradece pela oportunidade de prestigiar um \u00f3rg\u00e3o importante como o MURIA\u00c9-PREV. Ano passado participou de um encontro de regimes pr\u00f3prios de previd\u00eancia e este ano foi convidado para as comemora\u00e7\u00f5es referentes ao Dia do Servidor, trazendo a mensagem de que as regras de aposentadoria hoje vigentes para os servidores p\u00fablicos diferem um pouco daquelas do INSS, que denominamos regime geral, e que tamb\u00e9m h\u00e1 algumas perspectivas da Reforma da Previd\u00eancia, anunciada pelo Governo Federal, a qual ainda n\u00e3o est\u00e1 totalmente atualizada e definida, mas ele acredita que estar\u00e1 encaminhada j\u00e1 que passou o per\u00edodo eleitoral. Agora, de qualquer modo, devem ser conduzidas as linhas da reforma j\u00e1 delineadas.<\/p>\n<p>Para ele, \u00e9 importante a realiza\u00e7\u00e3o deste evento para abrilhantar o cargo dos servidores e para que eles possam saber que perspectiva tomar em suas carreiras e ressaltar alguns dados. <em>\u201cO MUREA\u00c9-PREV \u00e9 um instituto que tem uma solides financeira muito grande e tem demonstrado a seriedade em seu trabalho, refletindo nos n\u00fameros do capital acumulado. Se todos os institutos de previd\u00eancia do pa\u00eds, come\u00e7ando pelo Governo Federal, tivessem a mesma administra\u00e7\u00e3o e a mesma compet\u00eancia, a Reforma da Previd\u00eancia n\u00e3o seria necess\u00e1ria. Com as regras atuais e as aplica\u00e7\u00f5es sendo feitas, as aposentadorias concedidas regulamente observando a legisla\u00e7\u00e3o, n\u00e3o teria essa necessidade. Na maioria dos estados, a aplica\u00e7\u00e3o n\u00e3o foi feita. Parab\u00e9ns \u00e0 diretoria do MURIA\u00c9-PREV, exemplo para os outros munic\u00edpios terem o mesmo zelo com o dinheiro p\u00fablico e com os seus institutos. Aqui se tem repassado o dinheiro regularmente, sem atrasos\u201d,<\/em> avalia M\u00e1rio Luiz.<\/p>\n<p>Prof\u00ba Adelunar Marge, chefe de Gabinete da Prefeitura de Muria\u00e9, esteve presente representando o prefeito Aloysio Aquino (impossibilitado de comparecer devido a outros compromissos de agenda), e afirmou ser um prazer muito grande participar dessa data especial. <em>\u201cO Dia do Servidor foi institu\u00eddo em Minas Gerais pelo governador Francelino Pereira, no dia 26 de outubro de 1979, e \u00e9 importante, pois o servidor deve saber o funcionamento de uma m\u00e1quina administrativa. N\u00e3o adianta ter um bom prefeito e um bom governador, se n\u00e3o tivermos uma equipe de servidores que fa\u00e7am honra aos seus cargos. Essa comemora\u00e7\u00e3o \u00e9 uma forma de homenage\u00e1-los. Servidor \u00e9 aquele que faz a m\u00e1quina funcionar\u201d,<\/em> analisa.<\/p>\n<p>Kerma Marine Benini Andrade, gerente geral da Caixa Econ\u00f4mica Federal de Muria\u00e9, explica que a miss\u00e3o da Caixa \u00e9 ser o parceiro estrat\u00e9gico do pa\u00eds, dos munic\u00edpios, dos estados e da Federa\u00e7\u00e3o. Dentro de Muria\u00e9, busca atender todos os servidores da Prefeitura, da C\u00e2mara, do MURIA\u00c9-PREV. <em>\u201c\u00c9 um orgulho muito grande desempenhar esse papel e ficamos muito felizes quando podemos dar esse apoio, principalmente por vermos o trabalho que est\u00e1 sendo feito pelo instituto. \u00c9 essencial a parceria de busca pelo trabalho, tanto que o MURIA\u00c9-PREV est\u00e1 em 1\u00b0 lugar em volume na Zona da Mata Mineira, demonstrando um trabalho eficiente e transparente, fundamental para quem lida com o dinheiro p\u00fablico\u201d,<\/em> acrescenta.<\/p>\n<p>O Presidente Ant\u00f4nio Jos\u00e9, avalia que o MURIA\u00c9-PREV \u00e9 motivo de orgulho para a equipe, trazendo muita satisfa\u00e7\u00e3o a todos. Desde 2012 \u00e9 comemorado este Dia do Servidor P\u00fablico, representado pelo \u00f3rg\u00e3o, que gere o patrim\u00f4nio de mais de 2 mil servidores. Para ele, \u00e9 fundamental ter, em primeiro lugar, o compromisso com o servidor e tamb\u00e9m s\u00e3o importantes parcerias como a Caixa, patrocinadora oficial do MURIA\u00c9-PREV nos eventos. Ant\u00f4nio Jos\u00e9 deixa um agradecimento especial ao superintendente Guilherme, que n\u00e3o p\u00f4de estar presente, mas sempre envia representantes e atende de prontid\u00e3o a representa\u00e7\u00e3o dos servidores. Tamb\u00e9m agradece sua equipe, que n\u00e3o mede esfor\u00e7os para atender as solicita\u00e7\u00f5es (Conselho de Administra\u00e7\u00e3o, Conselho Fiscal, Comit\u00ea de Investimentos, Coordena\u00e7\u00e3o de Benef\u00edcios, Contabilidade, Tesouraria, Advocacia, Secretaria Executiva, demais colaboradores) e todos os servidores, que sempre est\u00e3o atentos a tudo que acontece com rela\u00e7\u00e3o ao Servidor P\u00fablico.<\/p>\n<p>Ele desejou a todos um feliz Dia do Servidor e refor\u00e7ou que o MURIA\u00c9-PREV sempre estar\u00e1 de portas abertas a todos. <em>\u201cDesde que entrei na institui\u00e7\u00e3o, em 2012, sempre bati na tecla que temos que trabalhar em parceria, pois n\u00e3o d\u00e1 pra fazer nada sozinho, ent\u00e3o eu delego fun\u00e7\u00f5es. Fizemos parceria com servidor, com as escolas, Prefeitura, C\u00e2mara e todos os \u00f3rg\u00e3os municipais sempre nos apoiaram. Nossa parceria \u00e9 vitoriosa, deu certo e hoje \u00e9 uma realidade, com sede pr\u00f3pria e um patrim\u00f4nio que hoje nos coloca em 1\u00ba lugar no ranking FJTS da Zona da Mata, um dos maiores de Minas Gerais. Isso \u00e9 motivo de muito orgulho, pelo grande trabalho de toda nossa equipe e dos servidores. Estou na minha segunda gest\u00e3o, ent\u00e3o agrade\u00e7o a todos que nos apoiaram e acreditaram no nosso trabalho. Isso nos deixa muito felizes, pois tivemos uma aceita\u00e7\u00e3o muito grande perante a classe. Isso aumenta ainda mais nossa responsabilidade e procuramos retornar isso ao servidor\u201d,<\/em> completa.<\/p>\n<p>Dr. Marcos Guarino, vice-prefeito eleito para a pr\u00f3xima Administra\u00e7\u00e3o Municipal, tamb\u00e9m esteve presente, representando o prefeito eleito Grego. Ele refor\u00e7a que \u00e9 importante a comemora\u00e7\u00e3o do Dia do Servidor porque eles s\u00e3o a alma do servi\u00e7o p\u00fablico, quem faz todo o sistema funcionar. Ele lembra que Grego tem uma profunda identifica\u00e7\u00e3o com os servidores, sempre falou de motivar e valorizar todas as fun\u00e7\u00f5es. <em>\u201cAcredito que estreitaremos estes la\u00e7os, n\u00e3o sendo s\u00f3 parceiros, mas uma administra\u00e7\u00e3o conjunta, participativa. Na demonstra\u00e7\u00e3o feita pela diretoria do MURIA\u00c9-PREV, o que se v\u00ea \u00e9 compet\u00eancia na gest\u00e3o do patrim\u00f4nio dos servidores, uma gest\u00e3o muito bem feita. Os servidores municipais s\u00e3o, antes de tudo, compromissados com a causa p\u00fablica, e Muria\u00e9 tem a sorte de ter em seus quadros excelentes e dedicados funcion\u00e1rios. Orgulho para o gestor e a popula\u00e7\u00e3o\u201d,<\/em> completa.<\/p>\n<p><img decoding=\"async\" class=\"ngg_displayed_gallery mceItem\" src=\"http:\/\/folhadosudeste.com\/site\/index.php\/nextgen-attach_to_post\/preview\/id--27621\" alt=\"\" \/><\/p>\n","protected":false},"excerpt":{"rendered":"<p>O MURIA\u00c9-PREV \u2013 Fundo Previdenci\u00e1rio de Muria\u00e9 realizou, na noite da \u00faltima quarta (26), uma solenidade especial de comemora\u00e7\u00e3o ao Dia do Servidor P\u00fablico, oficialmente celebrada no dia 28 de outubro. Na ocasi\u00e3o, foi apresentado o desempenho da institui\u00e7\u00e3o, que tem se destacado no estado de Minas Gerais. Foi servido um coquetel aos servidores, que [&hellip;]<\/p>\n","protected":false},"author":6,"featured_media":27423,"comment_status":"open","ping_status":"closed","sticky":false,"template":"","format":"standard","meta":{"_joinchat":[],"footnotes":""},"categories":[1],"tags":[],"class_list":["post-27422","post","type-post","status-publish","format-standard","has-post-thumbnail","hentry","category-sem-categoria"],"_links":{"self":[{"href":"http:\/\/folhadosudeste.com\/site\/index.php?rest_route=\/wp\/v2\/posts\/27422","targetHints":{"allow":["GET"]}}],"collection":[{"href":"http:\/\/folhadosudeste.com\/site\/index.php?rest_route=\/wp\/v2\/posts"}],"about":[{"href":"http:\/\/folhadosudeste.com\/site\/index.php?rest_route=\/wp\/v2\/types\/post"}],"author":[{"embeddable":true,"href":"http:\/\/folhadosudeste.com\/site\/index.php?rest_route=\/wp\/v2\/users\/6"}],"replies":[{"embeddable":true,"href":"http:\/\/folhadosudeste.com\/site\/index.php?rest_route=%2Fwp%2Fv2%2Fcomments&post=27422"}],"version-history":[{"count":3,"href":"http:\/\/folhadosudeste.com\/site\/index.php?rest_route=\/wp\/v2\/posts\/27422\/revisions"}],"predecessor-version":[{"id":27622,"href":"http:\/\/folhadosudeste.com\/site\/index.php?rest_route=\/wp\/v2\/posts\/27422\/revisions\/27622"}],"wp:featuredmedia":[{"embeddable":true,"href":"http:\/\/folhadosudeste.com\/site\/index.php?rest_route=\/wp\/v2\/media\/27423"}],"wp:attachment":[{"href":"http:\/\/folhadosudeste.com\/site\/index.php?rest_route=%2Fwp%2Fv2%2Fmedia&parent=27422"}],"wp:term":[{"taxonomy":"category","embeddable":true,"href":"http:\/\/folhadosudeste.com\/site\/index.php?rest_route=%2Fwp%2Fv2%2Fcategories&post=27422"},{"taxonomy":"post_tag","embeddable":true,"href":"http:\/\/folhadosudeste.com\/site\/index.php?rest_route=%2Fwp%2Fv2%2Ftags&post=27422"}],"curies":[{"name":"wp","href":"https:\/\/api.w.org\/{rel}","templated":true}]}}