{"id":27540,"date":"2016-10-28T11:37:38","date_gmt":"2016-10-28T11:37:38","guid":{"rendered":"http:\/\/folhadosudeste.com\/site\/?p=27540"},"modified":"2016-10-28T11:37:38","modified_gmt":"2016-10-28T11:37:38","slug":"e-e-assis-brasil-de-vieiras-apresenta-projetos-e-sai-campea-da-i-feira-regional-de-ciencias-em-muriae","status":"publish","type":"post","link":"http:\/\/folhadosudeste.com\/site\/?p=27540","title":{"rendered":"E. E. Assis Brasil de Vieiras apresenta projetos e sai campe\u00e3 da I Feira Regional de Ci\u00eancias em Muria\u00e9"},"content":{"rendered":"<p><a href=\"http:\/\/folhadosudeste.com\/site\/wp-content\/uploads\/2016\/10\/MAIOR12.jpg\"><img loading=\"lazy\" decoding=\"async\" class=\"aligncenter wp-image-27541 size-full\" src=\"http:\/\/folhadosudeste.com\/site\/wp-content\/uploads\/2016\/10\/MAIOR12.jpg\" alt=\"maior\" width=\"800\" height=\"530\" srcset=\"http:\/\/folhadosudeste.com\/site\/wp-content\/uploads\/2016\/10\/MAIOR12.jpg 800w, http:\/\/folhadosudeste.com\/site\/wp-content\/uploads\/2016\/10\/MAIOR12-300x198.jpg 300w\" sizes=\"auto, (max-width: 800px) 100vw, 800px\" \/><\/a><\/p>\n<p>A Escola Estadual Assis Brasil, de Vieiras, deu um verdadeiro show durante a I Feira Regional de Ci\u00eancias, realizada em Muria\u00e9, no dia 22 de outubro, na E. E. Desembargador Can\u00eado. Os alunos, professores e dire\u00e7\u00e3o mostraram que est\u00e3o dedicados em suas atribui\u00e7\u00f5es referentes \u00e0 constru\u00e7\u00e3o de conhecimentos e utiliza\u00e7\u00e3o dos mesmos para proporcionar melhorias para a humanidade Apresentando trabalhos de qualidade, funcionais e de imensa praticidade para o uso no dia-a-dia, com op\u00e7\u00f5es acess\u00edveis, de baixo custo e alta efici\u00eancia, o resultado n\u00e3o poderia ser outro: a E. E. Assis Brasil foi campe\u00e3 na feira conquistando o 1\u00ba, 2\u00b0 e 4\u00b0 lugares, recebendo medalhas e certificados, merecidamente pelo seu desempenho.<\/p>\n<p>O aluno do 1\u00ba ano, Isaque da Silva Cabral, apresentou o Projeto Ci\u00eancia Rob\u00f3tica a servi\u00e7o da Sustentabilidade para o qual construiu um rob\u00f4 voltado para a cata\u00e7\u00e3o de lixo, objetivando auxiliar os garis na coleta dos mesmos , evitando o contato direto \u00a0com materiais qu\u00edmicos , bact\u00e9rias e materiais cortantes e muitos casos de doen\u00e7as. <em>\u201cFizemos um projeto que \u00e9 uma base, para que possa ser aprimorado, fazendo esse servi\u00e7o e ajudando muito os trabalhadores que atuam nessa \u00e1rea. O rob\u00f4 foi constru\u00eddo utilizando-se \u00a0m\u00f3veis velhos compensados, sucata eletr\u00f4nica, tampinhas de garrafas, fios, parafusos, seringas, canos PVC, soldas. Tudo foi feito atrav\u00e9s de sucatas. Fomos pegando pe\u00e7as de uma coisa e outra, e chegamos a esse projeto que pode auxiliar a humanidade. Os demais \u00a0alunos do grupo tamb\u00e9m contribu\u00edram na montagem do Rob\u00f4\u201d, <\/em>explica.<\/p>\n<p>Divino Junior Rocha Silva, aluno do 1\u00b0 ano C da Escola, falou sobre a Aquaponia que \u00e9 a integra\u00e7\u00e3o da cria\u00e7\u00e3o de peixes e produ\u00e7\u00e3o de hortali\u00e7as. Segundo ele, hoje em dia \u00e9 dif\u00edcil a pessoa ter esses dois cultivos em um terreno pois na cria\u00e7\u00e3o de peixe a pessoa o coloca no tanque e na hora do abate joga aquela \u00e1gua toda fora, na Aquaponia. <em>\u201cO peixe fica no tanque e os dejetos v\u00e3o para outra caixa menor com uma bomba, que ir\u00e1 jogar \u00e1gua em um tambor com filtro, com argila expandida, que s\u00e3o respons\u00e1veis de mandar os dejetos dos peixes,\u00a0 nitrito e nitrato \u00e1s plantas,\u00a0 dois adubos org\u00e2nicos pelos quais as mesmas v\u00e3o \u00a0se desenvolver sendo estercadas naturalmente. \u00c9 um processo que d\u00e1 para fazer o ano todo e \u00e9 100% org\u00e2nico. Nossa regi\u00e3o tem bastante produ\u00e7\u00e3o de peixe e hortali\u00e7as e nesse projeto, a economia de \u00e1gua\u00a0 \u00e9 de 90% \u201d,<\/em> avalia.<\/p>\n<p>O aluno, Marcos Vinicius Lopes Basilio, do 2\u00b0 ano da E. E. Assis Brasil, \u00a0destacou a import\u00e2ncia da irriga\u00e7\u00e3o automatizada, que \u00e9 basicamente um sistema de agricultura, de jardins, no qual as plantas s\u00e3o\u00a0 irrigadas em dias e hor\u00e1rios pr\u00e9-programados, com dura\u00e7\u00e3o de tempo determinado para atender as necessidades espec\u00edficas de cada \u00e1rea e do tipo de vegeta\u00e7\u00e3o. <em>\u201cTemos como objetivos principais nesse projeto o uso racional da \u00e1gua e o controle da umidade do solo. O sistema s\u00f3 irrigar\u00e1 a terra quando realmente necessitar da \u00e1gua. N\u00f3s utilizamos nesse projeto sensores de umidade, que indicam justamente isso e os agricultores podem fazer em casa com apenas chaves\u201d,<\/em> destaca.<\/p>\n<p>De acordo com Camila Matos de Oliveira Morais, professora de Qu\u00edmica, j\u00e1 \u00e9 uma realidade a capta\u00e7\u00e3o da \u00e1gua da chuva e, com ela, ocorre o plantio de hortali\u00e7as. <em>\u201cEssa capta\u00e7\u00e3o vai direto para um po\u00e7o de peixe. E do outro lado temos irriga\u00e7\u00e3o automatizada. A cor do solo \u00e9 que vai dizer quando precisa de \u00e1gua. \u00c9 uma irriga\u00e7\u00e3o consciente, pois quando j\u00e1 est\u00e1 bom, \u00e9 cessada. Vieiras \u00e9 uma cidade que tem plantio de caf\u00e9 e cria\u00e7\u00e3o de peixes, ent\u00e3o s\u00e3o projetos criados para melhorar a qualidade de vida das pessoas e cuidar do meio ambiente\u201d,<\/em> analisa.<\/p>\n<p>Eliane Lopes Valente Soares, diretora da Escola, explica que primeiramente a feira foi realizada na escola e o convite feito pela Superintend\u00eancia para participarmos da 1\u00b0 Feira Regional foi abra\u00e7ado por todos. \u201cO objetivo \u00e9 divulgar os projetos dos estudantes, o empenho deles e destacar que todos os trabalhos desenvolvidos pelos alunos foram pr\u00e1ticos e est\u00e3o priorizando melhorar a vida das pessoas. Todos <em>utilizam a sustentabilidade como foco principal. Mostramos que conciliando teoria e pr\u00e1tica a ci\u00eancia pode ser usada para melhorar as condi\u00e7\u00f5es de vida do ser humano e de modo sustent\u00e1vel. A uni\u00e3o, empenho e dedica\u00e7\u00e3o dos professores, alunos e de toda equipe escolar foram essenciais para o sucesso do trabalho. \u201drefor\u00e7a.<\/em><\/p>\n<p>A escola deixa um agradecimento especial aos patrocinadores: A\u00e7ougue do Amarildo, Adriano do Santos, Bar do Sr. Oliva, Bar do Tel\u00ea, Bar do Tiririca, Bar do Z\u00e9 do Lau, Bar do Jo\u00e3o, Batista, Batista Loredo, Claudiney Soares, Deco, Drogaria Bom Jesus, Drogavita, Duda, Eliana Celles Maia, Emp\u00f3rio S\u00e3o Geraldo, F\u00e1bio Soares, Karlo\u2019s Papelaria, L. A. Motos, Lala do Montezano, Lanchonete do Luiz, Lau, Loja Primus, Lucas Andrade, Mercado Babil\u00f4nia, Mercado Chicarelli, Mercearia do Toninho, Nei Chicarelli, Newton Soares J\u00fanior, Padaria do Dado, Padaria e Confeitaria Vict\u00f3ria, Padaria Vieirense, Pedro Paulo, Penca, Piscicultura Cocais, Ricardo Maia Veterin\u00e1rio, Skina da Pizza, Sorveteria da Rita, Styllus Modas e Vasconc\u00e9lio Chicarelli.<\/p>\n<p><img decoding=\"async\" class=\"ngg_displayed_gallery mceItem\" src=\"http:\/\/folhadosudeste.com\/site\/index.php\/nextgen-attach_to_post\/preview\/id--27572\" alt=\"\" \/><\/p>\n","protected":false},"excerpt":{"rendered":"<p>A Escola Estadual Assis Brasil, de Vieiras, deu um verdadeiro show durante a I Feira Regional de Ci\u00eancias, realizada em Muria\u00e9, no dia 22 de outubro, na E. E. Desembargador Can\u00eado. Os alunos, professores e dire\u00e7\u00e3o mostraram que est\u00e3o dedicados em suas atribui\u00e7\u00f5es referentes \u00e0 constru\u00e7\u00e3o de conhecimentos e utiliza\u00e7\u00e3o dos mesmos para proporcionar melhorias [&hellip;]<\/p>\n","protected":false},"author":6,"featured_media":27541,"comment_status":"open","ping_status":"closed","sticky":false,"template":"","format":"standard","meta":{"_joinchat":[],"footnotes":""},"categories":[1],"tags":[],"class_list":["post-27540","post","type-post","status-publish","format-standard","has-post-thumbnail","hentry","category-sem-categoria"],"_links":{"self":[{"href":"http:\/\/folhadosudeste.com\/site\/index.php?rest_route=\/wp\/v2\/posts\/27540","targetHints":{"allow":["GET"]}}],"collection":[{"href":"http:\/\/folhadosudeste.com\/site\/index.php?rest_route=\/wp\/v2\/posts"}],"about":[{"href":"http:\/\/folhadosudeste.com\/site\/index.php?rest_route=\/wp\/v2\/types\/post"}],"author":[{"embeddable":true,"href":"http:\/\/folhadosudeste.com\/site\/index.php?rest_route=\/wp\/v2\/users\/6"}],"replies":[{"embeddable":true,"href":"http:\/\/folhadosudeste.com\/site\/index.php?rest_route=%2Fwp%2Fv2%2Fcomments&post=27540"}],"version-history":[{"count":1,"href":"http:\/\/folhadosudeste.com\/site\/index.php?rest_route=\/wp\/v2\/posts\/27540\/revisions"}],"predecessor-version":[{"id":27573,"href":"http:\/\/folhadosudeste.com\/site\/index.php?rest_route=\/wp\/v2\/posts\/27540\/revisions\/27573"}],"wp:featuredmedia":[{"embeddable":true,"href":"http:\/\/folhadosudeste.com\/site\/index.php?rest_route=\/wp\/v2\/media\/27541"}],"wp:attachment":[{"href":"http:\/\/folhadosudeste.com\/site\/index.php?rest_route=%2Fwp%2Fv2%2Fmedia&parent=27540"}],"wp:term":[{"taxonomy":"category","embeddable":true,"href":"http:\/\/folhadosudeste.com\/site\/index.php?rest_route=%2Fwp%2Fv2%2Fcategories&post=27540"},{"taxonomy":"post_tag","embeddable":true,"href":"http:\/\/folhadosudeste.com\/site\/index.php?rest_route=%2Fwp%2Fv2%2Ftags&post=27540"}],"curies":[{"name":"wp","href":"https:\/\/api.w.org\/{rel}","templated":true}]}}