{"id":27663,"date":"2016-11-04T11:47:15","date_gmt":"2016-11-04T11:47:15","guid":{"rendered":"http:\/\/folhadosudeste.com\/site\/?p=27663"},"modified":"2016-11-04T11:47:15","modified_gmt":"2016-11-04T11:47:15","slug":"associacao-de-surdos-realiza-confraternizacao-especial","status":"publish","type":"post","link":"http:\/\/folhadosudeste.com\/site\/?p=27663","title":{"rendered":"Associa\u00e7\u00e3o de Surdos realiza confraterniza\u00e7\u00e3o especial"},"content":{"rendered":"<p><a href=\"http:\/\/folhadosudeste.com\/site\/wp-content\/uploads\/2016\/11\/MAIOR1.jpg\"><img loading=\"lazy\" decoding=\"async\" class=\"aligncenter wp-image-27664 size-full\" src=\"http:\/\/folhadosudeste.com\/site\/wp-content\/uploads\/2016\/11\/MAIOR1.jpg\" alt=\"maior\" width=\"800\" height=\"533\" srcset=\"http:\/\/folhadosudeste.com\/site\/wp-content\/uploads\/2016\/11\/MAIOR1.jpg 800w, http:\/\/folhadosudeste.com\/site\/wp-content\/uploads\/2016\/11\/MAIOR1-300x199.jpg 300w\" sizes=\"auto, (max-width: 800px) 100vw, 800px\" \/><\/a><\/p>\n<p>A Associa\u00e7\u00e3o dos Surdos de Muria\u00e9 promoveu, no \u00faltimo domingo (30), no S\u00edtio do Grego, uma confraterniza\u00e7\u00e3o de comemora\u00e7\u00e3o dos 3 anos de hist\u00f3ria da entidade (completados em 23 de outubro) e o Dia do Surdo, comemorado no dia 26 de setembro, com direito a almo\u00e7o, churrasco, bolo e sorteio de brindes (bolsas, caixas de bombons, entradas para cinema, doados pela a Folha do Sudeste ).<\/p>\n<p>Rosane Silva \u00e9 professora de sala regular (trabalha na Escola Maria Quit\u00e9ria) e na Associa\u00e7\u00e3o de Surdos \u00e9 int\u00e9rprete, vice-presidente e promotora dos eventos, festas e comemora\u00e7\u00f5es, consolidando uma parceria que a Associa\u00e7\u00e3o tem com a Secretaria Municipal de Desenvolvimento Social, a Prefeitura e a Fundarte. <em>\u201cNosso objetivo \u00e9 mostrar a import\u00e2ncia das libras, porque tem que haver a intera\u00e7\u00e3o com as pessoas. Ainda n\u00e3o temos sede pr\u00f3pria, mas estamos esperan\u00e7osos de conseguir. Atualmente atendemos na Escola Silveira Brum, reunindo todos os s\u00e1bados e oferecendo um curso de libras de 40 e 60 horas. Foi preciso que eu desse uma aula de Libras na rua, foi necess\u00e1rio fazer esse tipo de manifesta\u00e7\u00e3o, ent\u00e3o ofereceram o Silveira Brum. Agradecemos a todos que nos apoiaram e confiaram em nosso trabalho. Um agradecimento especial ao prefeito eleito Grego, que sempre nos apoiou. Ficamos muitos felizes com os resultados do evento\u201d, <\/em>destaca. A Associa\u00e7\u00e3o conta hoje com 6 pessoas: Cristiano na presid\u00eancia, Rosane como vice, o Conselho Fiscal e 20 alunos.<\/p>\n<p><img decoding=\"async\" class=\"ngg_displayed_gallery mceItem\" src=\"http:\/\/folhadosudeste.com\/site\/index.php\/nextgen-attach_to_post\/preview\/id--27691\" alt=\"\" \/><\/p>\n","protected":false},"excerpt":{"rendered":"<p>A Associa\u00e7\u00e3o dos Surdos de Muria\u00e9 promoveu, no \u00faltimo domingo (30), no S\u00edtio do Grego, uma confraterniza\u00e7\u00e3o de comemora\u00e7\u00e3o dos 3 anos de hist\u00f3ria da entidade (completados em 23 de outubro) e o Dia do Surdo, comemorado no dia 26 de setembro, com direito a almo\u00e7o, churrasco, bolo e sorteio de brindes (bolsas, caixas de [&hellip;]<\/p>\n","protected":false},"author":6,"featured_media":27664,"comment_status":"open","ping_status":"closed","sticky":false,"template":"","format":"standard","meta":{"_joinchat":[],"footnotes":""},"categories":[1],"tags":[],"class_list":["post-27663","post","type-post","status-publish","format-standard","has-post-thumbnail","hentry","category-sem-categoria"],"_links":{"self":[{"href":"http:\/\/folhadosudeste.com\/site\/index.php?rest_route=\/wp\/v2\/posts\/27663","targetHints":{"allow":["GET"]}}],"collection":[{"href":"http:\/\/folhadosudeste.com\/site\/index.php?rest_route=\/wp\/v2\/posts"}],"about":[{"href":"http:\/\/folhadosudeste.com\/site\/index.php?rest_route=\/wp\/v2\/types\/post"}],"author":[{"embeddable":true,"href":"http:\/\/folhadosudeste.com\/site\/index.php?rest_route=\/wp\/v2\/users\/6"}],"replies":[{"embeddable":true,"href":"http:\/\/folhadosudeste.com\/site\/index.php?rest_route=%2Fwp%2Fv2%2Fcomments&post=27663"}],"version-history":[{"count":1,"href":"http:\/\/folhadosudeste.com\/site\/index.php?rest_route=\/wp\/v2\/posts\/27663\/revisions"}],"predecessor-version":[{"id":27692,"href":"http:\/\/folhadosudeste.com\/site\/index.php?rest_route=\/wp\/v2\/posts\/27663\/revisions\/27692"}],"wp:featuredmedia":[{"embeddable":true,"href":"http:\/\/folhadosudeste.com\/site\/index.php?rest_route=\/wp\/v2\/media\/27664"}],"wp:attachment":[{"href":"http:\/\/folhadosudeste.com\/site\/index.php?rest_route=%2Fwp%2Fv2%2Fmedia&parent=27663"}],"wp:term":[{"taxonomy":"category","embeddable":true,"href":"http:\/\/folhadosudeste.com\/site\/index.php?rest_route=%2Fwp%2Fv2%2Fcategories&post=27663"},{"taxonomy":"post_tag","embeddable":true,"href":"http:\/\/folhadosudeste.com\/site\/index.php?rest_route=%2Fwp%2Fv2%2Ftags&post=27663"}],"curies":[{"name":"wp","href":"https:\/\/api.w.org\/{rel}","templated":true}]}}