{"id":27715,"date":"2016-11-04T11:53:56","date_gmt":"2016-11-04T11:53:56","guid":{"rendered":"http:\/\/folhadosudeste.com\/site\/?p=27715"},"modified":"2016-11-04T11:53:56","modified_gmt":"2016-11-04T11:53:56","slug":"eletrica-do-povo-comemora-20-anos-de-historia-em-muriae","status":"publish","type":"post","link":"http:\/\/folhadosudeste.com\/site\/?p=27715","title":{"rendered":"El\u00e9trica do Povo comemora 20 anos de hist\u00f3ria em Muria\u00e9"},"content":{"rendered":"<p><a href=\"http:\/\/folhadosudeste.com\/site\/wp-content\/uploads\/2016\/11\/MAIOR2.jpg\"><img loading=\"lazy\" decoding=\"async\" class=\"aligncenter wp-image-27716 size-full\" src=\"http:\/\/folhadosudeste.com\/site\/wp-content\/uploads\/2016\/11\/MAIOR2.jpg\" alt=\"maior\" width=\"800\" height=\"530\" srcset=\"http:\/\/folhadosudeste.com\/site\/wp-content\/uploads\/2016\/11\/MAIOR2.jpg 800w, http:\/\/folhadosudeste.com\/site\/wp-content\/uploads\/2016\/11\/MAIOR2-300x198.jpg 300w\" sizes=\"auto, (max-width: 800px) 100vw, 800px\" \/><\/a><\/p>\n<p>Com muita alegria e festa, a El\u00e9trica do Povo comemorou, no \u00faltimo s\u00e1bado (29), seus 20 anos de hist\u00f3ria e reconhecimento em Muria\u00e9. A loja foi construindo, ao longo dessas duas d\u00e9cadas, um verdadeiro marco de credibilidade com seu p\u00fablico, por oferecer produtos e servi\u00e7os de qualidade, possuir uma equipe em constante busca pela qualifica\u00e7\u00e3o e zelando pelo atendimento com excel\u00eancia ao seu diversificado p\u00fablico, atendendo todas as suas necessidades, al\u00e9m de contar com fornecedores nacionais de ponta e toda a estrutura pessoal e f\u00edsica para cumprir com responsabilidade seu papel junto ao munic\u00edpio. Para comemorar a data, a dire\u00e7\u00e3o ofereceu um saboroso caf\u00e9 da manh\u00e3 aos clientes, al\u00e9m de v\u00e1rias promo\u00e7\u00f5es com as melhores marcas, ofertas incr\u00edveis, sorteios e brindes (entre eles bicicleta).<\/p>\n<p>Segundo o propriet\u00e1rio Manoel Nery, trata-se de uma empresa que come\u00e7ou pequena e foi se desenvolvendo com trabalho, \u00e9tica e respeito aos clientes, fornecedores e concorrentes. Ele conta que a equipe foi aprendendo com a pr\u00f3pria experi\u00eancia pessoal de mercado, com a pr\u00f3pria sociedade e pessoas que tinham algo a acrescentar. <em>\u201cNosso trabalho sempre foi feito com dedica\u00e7\u00e3o total ao nosso cliente, pois eles que s\u00e3o nossos patr\u00f5es. Sou apenas um companheiro de trabalho que exerce a lideran\u00e7a. Sempre tivemos um trabalho dedicado. O segredo \u00e9 trabalhar com alegria, para que possamos crescer como seres humanos. E mais importante que o bem material \u00e9 justamente nosso crescimento, o aprendizado que isso traz para n\u00f3s, destacando respeito, responsabilidade e carinho. A pessoa que trabalha com com\u00e9rcio tem que ter simpatia, que \u00e9 atender sempre com um sorriso, e empatia, que \u00e9 colocar-se no lugar do outro, pois a pessoa quando \u00e9 bem recebida sempre volta. Esse \u00e9 nosso dilema\u201d,<\/em> explica.<\/p>\n<p>Manoel relembra a passagem b\u00edblica de Mateus 10:16, que diz: <em>\u201cEu lhes envio como ovelhas no meio de lobos, por\u00e9m seja prudente como serpente, mas simples como as pombas\u201d<\/em>. Para ele, temos que ter prud\u00eancia sempre, pois n\u00e3o sabemos a fundo como s\u00e3o as pessoas. Apesar disso, devemos destacar atributos como serenidade, humildade e respeito. <em>\u201cNosso crescimento foi todo baseado nessas condi\u00e7\u00f5es, sempre cuidando muito bem das pessoas, por isso o lema da El\u00e9trica do Povo \u00e9: \u2018A sua satisfa\u00e7\u00e3o \u00e9 o nosso compromisso\u2019. Meu foco n\u00e3o \u00e9 o dinheiro e sim o trabalho, a dedica\u00e7\u00e3o e o relacionamento. Deus est\u00e1 me dando a oportunidade de administrar o que eu estou passando. Desde os 13 anos eu trabalho, e hoje, com 51, s\u00f3 tenho motivos para sorrir e tratar bem as pessoas. Agrade\u00e7o a Deus pela sa\u00fade, minha esposa Cidinha, meus filhos, toda minha fam\u00edlia, meus colaboradores, fornecedores e clientes. Sinto-me honrado por poder fazer essa modesta comemora\u00e7\u00e3o. As pessoas que se aproximaram s\u00e3o sempre muito boas. Agrade\u00e7o por tudo\u201d,<\/em> completa.<\/p>\n<p><img decoding=\"async\" class=\"ngg_displayed_gallery mceItem\" src=\"http:\/\/folhadosudeste.com\/site\/index.php\/nextgen-attach_to_post\/preview\/id--27739\" alt=\"\" \/><\/p>\n","protected":false},"excerpt":{"rendered":"<p>Com muita alegria e festa, a El\u00e9trica do Povo comemorou, no \u00faltimo s\u00e1bado (29), seus 20 anos de hist\u00f3ria e reconhecimento em Muria\u00e9. A loja foi construindo, ao longo dessas duas d\u00e9cadas, um verdadeiro marco de credibilidade com seu p\u00fablico, por oferecer produtos e servi\u00e7os de qualidade, possuir uma equipe em constante busca pela qualifica\u00e7\u00e3o [&hellip;]<\/p>\n","protected":false},"author":6,"featured_media":27716,"comment_status":"open","ping_status":"closed","sticky":false,"template":"","format":"standard","meta":{"_joinchat":[],"footnotes":""},"categories":[1],"tags":[],"class_list":["post-27715","post","type-post","status-publish","format-standard","has-post-thumbnail","hentry","category-sem-categoria"],"_links":{"self":[{"href":"http:\/\/folhadosudeste.com\/site\/index.php?rest_route=\/wp\/v2\/posts\/27715","targetHints":{"allow":["GET"]}}],"collection":[{"href":"http:\/\/folhadosudeste.com\/site\/index.php?rest_route=\/wp\/v2\/posts"}],"about":[{"href":"http:\/\/folhadosudeste.com\/site\/index.php?rest_route=\/wp\/v2\/types\/post"}],"author":[{"embeddable":true,"href":"http:\/\/folhadosudeste.com\/site\/index.php?rest_route=\/wp\/v2\/users\/6"}],"replies":[{"embeddable":true,"href":"http:\/\/folhadosudeste.com\/site\/index.php?rest_route=%2Fwp%2Fv2%2Fcomments&post=27715"}],"version-history":[{"count":1,"href":"http:\/\/folhadosudeste.com\/site\/index.php?rest_route=\/wp\/v2\/posts\/27715\/revisions"}],"predecessor-version":[{"id":27740,"href":"http:\/\/folhadosudeste.com\/site\/index.php?rest_route=\/wp\/v2\/posts\/27715\/revisions\/27740"}],"wp:featuredmedia":[{"embeddable":true,"href":"http:\/\/folhadosudeste.com\/site\/index.php?rest_route=\/wp\/v2\/media\/27716"}],"wp:attachment":[{"href":"http:\/\/folhadosudeste.com\/site\/index.php?rest_route=%2Fwp%2Fv2%2Fmedia&parent=27715"}],"wp:term":[{"taxonomy":"category","embeddable":true,"href":"http:\/\/folhadosudeste.com\/site\/index.php?rest_route=%2Fwp%2Fv2%2Fcategories&post=27715"},{"taxonomy":"post_tag","embeddable":true,"href":"http:\/\/folhadosudeste.com\/site\/index.php?rest_route=%2Fwp%2Fv2%2Ftags&post=27715"}],"curies":[{"name":"wp","href":"https:\/\/api.w.org\/{rel}","templated":true}]}}