{"id":27741,"date":"2016-11-04T11:57:03","date_gmt":"2016-11-04T11:57:03","guid":{"rendered":"http:\/\/folhadosudeste.com\/site\/?p=27741"},"modified":"2016-11-04T11:57:03","modified_gmt":"2016-11-04T11:57:03","slug":"criancas-da-escola-espaco-arte-dao-um-verdadeiro-show-em-projeto-100-anos-do-samba","status":"publish","type":"post","link":"http:\/\/folhadosudeste.com\/site\/?p=27741","title":{"rendered":"Crian\u00e7as da Escola Espa\u00e7o Arte d\u00e3o um verdadeiro show em projeto \u2018100 anos do Samba\u2019"},"content":{"rendered":"<p><a href=\"http:\/\/folhadosudeste.com\/site\/wp-content\/uploads\/2016\/11\/MAIOR3.jpg\"><img loading=\"lazy\" decoding=\"async\" class=\"aligncenter wp-image-27742 size-full\" src=\"http:\/\/folhadosudeste.com\/site\/wp-content\/uploads\/2016\/11\/MAIOR3.jpg\" alt=\"maior\" width=\"800\" height=\"533\" srcset=\"http:\/\/folhadosudeste.com\/site\/wp-content\/uploads\/2016\/11\/MAIOR3.jpg 800w, http:\/\/folhadosudeste.com\/site\/wp-content\/uploads\/2016\/11\/MAIOR3-300x199.jpg 300w\" sizes=\"auto, (max-width: 800px) 100vw, 800px\" \/><\/a><\/p>\n<p>No \u00faltimo s\u00e1bado (29), aconteceu o encerramento do projeto \u2018100 anos do Samba\u2019 da Escola Espa\u00e7o Arte, tradicional em Muria\u00e9. As crian\u00e7as apresentaram, recitaram e cantaram m\u00fasicas deste g\u00eanero musical, na ocasi\u00e3o. Aproximadamente 130 crian\u00e7as, de 8 meses at\u00e9 5 anos, interpretaram v\u00e1rios compositores do samba. Segundo Viviane Matos Quiarelli \u2013 propriet\u00e1ria da Escola Espa\u00e7o Arte e Espa\u00e7o Arte Baby, junto com sua s\u00f3cia Rita de C\u00e1ssia \u2013, eles estudaram Adoniran Barbosa, Pixinguinha, Cartola, Noel Rosa, Ata\u00falfo Alves, enfim, vivenciaram a hist\u00f3ria do samba. <em>\u201cCome\u00e7amos a estudar esse projeto em agosto, e o tema foi escolhido pela escola. Esta apresenta\u00e7\u00e3o \u00e9 o resultado de um trabalho que envolveu os alunos e a fam\u00edlia. \u00c9 um tema muito rico, com grandes letras e compositores renomados do samba brasileiro. Fomos em Mira\u00ed com as crian\u00e7as, onde conhecemos mais profundamente sobre Ata\u00falfo Alves, e foi muito emocionante. Estamos bastante felizes com o trabalho da equipe, que resultou nesta noite maravilhosa. Agradecemos aos pais que nos acompanham, pela confian\u00e7a e apoio e tamb\u00e9m ao Bar\u00e3o, Bruno e M\u00e1rcio, que tocaram para nossas crian\u00e7as\u201d,<\/em> explica.<\/p>\n<p><img decoding=\"async\" class=\"ngg_displayed_gallery mceItem\" src=\"http:\/\/folhadosudeste.com\/site\/index.php\/nextgen-attach_to_post\/preview\/id--27763\" alt=\"\" \/><\/p>\n","protected":false},"excerpt":{"rendered":"<p>No \u00faltimo s\u00e1bado (29), aconteceu o encerramento do projeto \u2018100 anos do Samba\u2019 da Escola Espa\u00e7o Arte, tradicional em Muria\u00e9. As crian\u00e7as apresentaram, recitaram e cantaram m\u00fasicas deste g\u00eanero musical, na ocasi\u00e3o. Aproximadamente 130 crian\u00e7as, de 8 meses at\u00e9 5 anos, interpretaram v\u00e1rios compositores do samba. Segundo Viviane Matos Quiarelli \u2013 propriet\u00e1ria da Escola Espa\u00e7o [&hellip;]<\/p>\n","protected":false},"author":6,"featured_media":27742,"comment_status":"open","ping_status":"closed","sticky":false,"template":"","format":"standard","meta":{"_joinchat":[],"footnotes":""},"categories":[1],"tags":[],"class_list":["post-27741","post","type-post","status-publish","format-standard","has-post-thumbnail","hentry","category-sem-categoria"],"_links":{"self":[{"href":"http:\/\/folhadosudeste.com\/site\/index.php?rest_route=\/wp\/v2\/posts\/27741","targetHints":{"allow":["GET"]}}],"collection":[{"href":"http:\/\/folhadosudeste.com\/site\/index.php?rest_route=\/wp\/v2\/posts"}],"about":[{"href":"http:\/\/folhadosudeste.com\/site\/index.php?rest_route=\/wp\/v2\/types\/post"}],"author":[{"embeddable":true,"href":"http:\/\/folhadosudeste.com\/site\/index.php?rest_route=\/wp\/v2\/users\/6"}],"replies":[{"embeddable":true,"href":"http:\/\/folhadosudeste.com\/site\/index.php?rest_route=%2Fwp%2Fv2%2Fcomments&post=27741"}],"version-history":[{"count":1,"href":"http:\/\/folhadosudeste.com\/site\/index.php?rest_route=\/wp\/v2\/posts\/27741\/revisions"}],"predecessor-version":[{"id":27764,"href":"http:\/\/folhadosudeste.com\/site\/index.php?rest_route=\/wp\/v2\/posts\/27741\/revisions\/27764"}],"wp:featuredmedia":[{"embeddable":true,"href":"http:\/\/folhadosudeste.com\/site\/index.php?rest_route=\/wp\/v2\/media\/27742"}],"wp:attachment":[{"href":"http:\/\/folhadosudeste.com\/site\/index.php?rest_route=%2Fwp%2Fv2%2Fmedia&parent=27741"}],"wp:term":[{"taxonomy":"category","embeddable":true,"href":"http:\/\/folhadosudeste.com\/site\/index.php?rest_route=%2Fwp%2Fv2%2Fcategories&post=27741"},{"taxonomy":"post_tag","embeddable":true,"href":"http:\/\/folhadosudeste.com\/site\/index.php?rest_route=%2Fwp%2Fv2%2Ftags&post=27741"}],"curies":[{"name":"wp","href":"https:\/\/api.w.org\/{rel}","templated":true}]}}