{"id":27781,"date":"2016-11-04T12:04:22","date_gmt":"2016-11-04T12:04:22","guid":{"rendered":"http:\/\/folhadosudeste.com\/site\/?p=27781"},"modified":"2016-11-04T12:04:22","modified_gmt":"2016-11-04T12:04:22","slug":"conferencia-regional-de-educacao-da-zona-da-mata-de-minas-gerais-aconteceu-em-muriae","status":"publish","type":"post","link":"http:\/\/folhadosudeste.com\/site\/?p=27781","title":{"rendered":"Confer\u00eancia Regional de Educa\u00e7\u00e3o da Zona da Mata de Minas Gerais aconteceu em Muria\u00e9"},"content":{"rendered":"<p><a href=\"http:\/\/folhadosudeste.com\/site\/wp-content\/uploads\/2016\/11\/maior.jpg\"><img loading=\"lazy\" decoding=\"async\" class=\"aligncenter wp-image-27782 size-full\" src=\"http:\/\/folhadosudeste.com\/site\/wp-content\/uploads\/2016\/11\/maior.jpg\" alt=\"maior\" width=\"800\" height=\"530\" srcset=\"http:\/\/folhadosudeste.com\/site\/wp-content\/uploads\/2016\/11\/maior.jpg 800w, http:\/\/folhadosudeste.com\/site\/wp-content\/uploads\/2016\/11\/maior-300x198.jpg 300w\" sizes=\"auto, (max-width: 800px) 100vw, 800px\" \/><\/a><\/p>\n<p>Foi realizada pelo Sind-UTE subsede de Muria\u00e9, na noite de sexta (28) e durante todo o dia de s\u00e1bado (29), no SESC, a Confer\u00eancia Regional de Educa\u00e7\u00e3o da Zona da Mata de Minas Gerais. O evento contou com uma homenagem aos educadores pelo Dia do Servidor (incluindo entrega de trof\u00e9us para os participantes, como simbologia para a data) e uma manifesta\u00e7\u00e3o coordenada pelos l\u00edderes educacionais, sindicatos e v\u00e1rias entidades, contra a instala\u00e7\u00e3o da mineradora em Belis\u00e1rio (refor\u00e7ando a import\u00e2ncia de investigar e analisar seus antecedentes e projetos). Para finalizar, teve um jantar no Restaurante Serra do Sol do SESC, com uma boa m\u00fasica ao vivo.<\/p>\n<p>Est\u00e3o sendo realizadas, em todos estados, Confer\u00eancias Regionais de Educa\u00e7\u00e3o do Sind-UTE, preparat\u00f3rios que o Sindicato far\u00e1 em Belo Horizonte, de 30 de novembro a 2 de dezembro. O objetivo \u00e9 fazer uma mobiliza\u00e7\u00e3o com a categoria em torno dos temas relativos \u00e0 educa\u00e7\u00e3o, pois os representantes consideram que no momento est\u00e3o sofrendo fortes ataques no que se refere \u00e0 educa\u00e7\u00e3o p\u00fablica. Com esse debate, eles iniciam as contesta\u00e7\u00f5es e esclarecimentos da PEC 241, que foi aprovada em 2 turnos na C\u00e2mara dos Deputados, e que agora vai para a vota\u00e7\u00e3o no Senado, o que avaliam como o maior ataque ao povo brasileiro e lamentam o que podemos esperar para os pr\u00f3ximos per\u00edodos: 20 anos de or\u00e7amentos congelados, prejudicando investimentos educacionais e sociais. <em>\u201cMichel Temer est\u00e1 fazendo um plano de governo que a popula\u00e7\u00e3o n\u00e3o votou, mas est\u00e1 em curso no momento. Em 2014, as pessoas foram \u00e0s urnas e apostaram no programa de governo de inclus\u00e3o social, sa\u00fade e educa\u00e7\u00e3o, cuidando e garantindo seus direitos. \u00c9 um equivoco achar que resolvemos problemas econ\u00f4micos fazendo esse tipo de corte. Um exemplo muito bom \u00e9 quando estamos em dificuldades financeiras em casa: n\u00e3o deixamos de comer, de estudar, de comprar um rem\u00e9dio, deixamos sim, de pagar o cart\u00e3o de cr\u00e9dito ou o cheque especial&#8230; para quando tiver condi\u00e7\u00f5es, fazer uma melhor negocia\u00e7\u00e3o. Dever\u00edamos rever nossos tributos e fazer uma Reforma Tribut\u00e1ria, porque pagamos impostos, mas os ricos n\u00e3o. Qualquer trabalhador que tenha um carro novo ou velho paga IPVA, o dono de um helic\u00f3ptero n\u00e3o paga imposto, ou do iate, ent\u00e3o existem distor\u00e7\u00f5es que devemos enfrentar. Estudos comprovam que se investirmos na sa\u00fade, contribu\u00edmos para o crescimento da economia. Essas \u00e1reas, al\u00e9m de serem direitos sociais, contribuem para o desenvolvimento do pa\u00eds. \u00c9 muito importante que as pessoas se informem e n\u00e3o caiam na conversa do governo\u201d,<\/em> explica Beatriz Cerqueira de Belo Horizonte, coordenadora geral do Sind-UTE Minas Gerais.<\/p>\n<p>De acordo com Sandra L\u00facia Couto Bittencourt de Muria\u00e9, diretora estadual do Sind-UTE, a confer\u00eancia realizada em nossa cidade coincide com o momento extremamente dif\u00edcil pelo qual o Brasil vem passando. Para ela, sofremos um golpe que retirou a presidente eleita e agora estamos com a PEC-241, que passou para o Senado e virou PEC-55, sem investimentos na educa\u00e7\u00e3o e na sa\u00fade durante 20 anos e a remo\u00e7\u00e3o dos direitos dos trabalhadores, tornando mais do que importante a discuss\u00e3o dessas quest\u00f5es. Ela lembra tamb\u00e9m a lei da morda\u00e7a nas escolas, que n\u00e3o permite que pol\u00edtica e suas quest\u00f5es relacionadas sejam discutidas com os alunos. <em>\u201cEssa confer\u00eancia era justamente para ouvir os trabalhadores, debater tudo que est\u00e1 relacionado \u00e0 vida deles. A Zona da Mata esteve toda presente, o que \u00e9 muito importante para n\u00f3s. Achamos que o governo tem que taxar as grandes fortunas, pois quem compra helic\u00f3ptero, avi\u00e3o&#8230; e o que precisamos \u00e9 melhorar as condi\u00e7\u00f5es de vida da popula\u00e7\u00e3o. Lutamos por um Brasil melhor, com a comunidade tendo acesso a tudo que tem direito: educa\u00e7\u00e3o, sa\u00fade e lazer. Esperamos que a popula\u00e7\u00e3o de Muria\u00e9 possa reagir junto conosco, pois estamos em defesa de todos n\u00f3s. Acho que devemos defender o pa\u00eds, a vida do nosso povo, n\u00e3o podemos entregar o Brasil para as mineradoras, para as multinacionais e ficarmos olhando a merc\u00ea. Temos que lutar pelos direitos dos trabalhadores para que seja garantido o respeito \u00e0s terras, \u00e0 \u00e1gua, \u00e0s \u00e1rvores, \u00e0 cultura do plantio do que comemos&#8230; N\u00e3o \u00e9 nada contra as mineradoras, mas n\u00e3o pode ser desse jeito. Todos est\u00e3o achando que a PEC-241 ir\u00e1 prejudicar somente os servidores p\u00fablicos, mas n\u00e3o, ela ir\u00e1 atingir a todos e as pessoas que est\u00e3o votando s\u00e3o da elite, compraram votos e foram eleitos. Nosso posicionamento \u00e9 para que o investimento no Brasil cres\u00e7a. O Sind-UTE \u00e9 o Sindicato do cidad\u00e3o, que temos orgulho de defender\u201d, <\/em>explica.<\/p>\n<p>F\u00e1bio Garrido de Ouro Preto, professor de Filosofia da Rede Estadual e diretor do Sind-UTE MG, falou sobre a reforma do Ensino M\u00e9dio, que ir\u00e1 tirar dos adolescentes o direito de sonhar, pois os estudantes de escola p\u00fablica provavelmente n\u00e3o conseguir\u00e3o passar em vestibulares para universidades, j\u00e1 que \u00e9 visado oferecer ao jovem somente um ensino t\u00e9cnico profissionalizante de baix\u00edssima qualidade, que n\u00e3o garante para ele nenhuma profiss\u00e3o que tenha uma condi\u00e7\u00e3o de futuro. <em>\u201cN\u00e3o tem outra sa\u00edda que n\u00e3o seja se juntar e tomar a luta pela educa\u00e7\u00e3o, porque est\u00e1 em jogo o fim do direito a ela, como foi garantido na constitui\u00e7\u00e3o de 1988. O que o governo quer \u00e9 acabar com a profiss\u00e3o docente, com os trabalhadores da educa\u00e7\u00e3o, dizendo que agora qualquer um pode ser professor, tirando 441 bilh\u00f5es de investimento nos pr\u00f3ximos 20 anos de sa\u00fade e educa\u00e7\u00e3o. Isso significa que as escolas v\u00e3o cair em peda\u00e7os e os professores n\u00e3o ter\u00e3o aumento salarial. Nesse momento, temos que nos apoiar e dar muita for\u00e7a, apoiar o movimento de ocupa\u00e7\u00e3o das escolas, que \u00e9 c\u00edvico pelo direito da educa\u00e7\u00e3o\u201d, <\/em>refor\u00e7a.<\/p>\n<p>Paulo Grossi, tamb\u00e9m diretor estadual do Sind-UTE, atua no polo de Vi\u00e7osa e Ponte Nova, explica que querem tirar do professor o direito de ensinar e somente uma nova constitui\u00e7\u00e3o poderia faz\u00ea-lo. <em>\u201cAtrav\u00e9s do debate com o professor vamos construindo os princ\u00edpios da educa\u00e7\u00e3o. Os pacotes de recess\u00e3o e ajuste econ\u00f4mico acabam tamb\u00e9m dando vaz\u00e3o para que grupos que n\u00e3o tenham defesa da educa\u00e7\u00e3o, que reprima o professor e combata essa liberdade. Precisamos saber que a educa\u00e7\u00e3o \u00e9 feita por todos n\u00f3s. A fam\u00edlia tem que participar, mas tamb\u00e9m ser participativa na escola, no dia-a-dia, porque n\u00e3o \u00e9 atrav\u00e9s de projeto que cala a boca do professor\u201d,<\/em> acrescenta.<\/p>\n<p>O vereador de Muria\u00e9 Jair Abreu lembra que ele participa do Sind-UTE desde sua funda\u00e7\u00e3o em Muria\u00e9. Para ele, \u00e9 um grande prazer receber v\u00e1rias cidades da regi\u00e3o, em um trabalho tranquilo, num ambiente legal. <em>\u201cNa verdade, o Governo Federal tem uma proposta muito radical de tirar os direitos da maioria dos trabalhadores, a educa\u00e7\u00e3o e a sa\u00fade. Proporcionamos uma discuss\u00e3o muito importante e vamos chegar em uma grande confer\u00eancia estadual em janeiro, culminando futuramente com uma confer\u00eancia nacional, levando nossas id\u00e9ias e propostas\u201d, <\/em>completa.<\/p>\n<p><img decoding=\"async\" class=\"ngg_displayed_gallery mceItem\" src=\"http:\/\/folhadosudeste.com\/site\/index.php\/nextgen-attach_to_post\/preview\/id--27819\" alt=\"\" \/><\/p>\n","protected":false},"excerpt":{"rendered":"<p>Foi realizada pelo Sind-UTE subsede de Muria\u00e9, na noite de sexta (28) e durante todo o dia de s\u00e1bado (29), no SESC, a Confer\u00eancia Regional de Educa\u00e7\u00e3o da Zona da Mata de Minas Gerais. O evento contou com uma homenagem aos educadores pelo Dia do Servidor (incluindo entrega de trof\u00e9us para os participantes, como simbologia [&hellip;]<\/p>\n","protected":false},"author":6,"featured_media":27782,"comment_status":"open","ping_status":"closed","sticky":false,"template":"","format":"standard","meta":{"_joinchat":[],"footnotes":""},"categories":[1],"tags":[],"class_list":["post-27781","post","type-post","status-publish","format-standard","has-post-thumbnail","hentry","category-sem-categoria"],"_links":{"self":[{"href":"http:\/\/folhadosudeste.com\/site\/index.php?rest_route=\/wp\/v2\/posts\/27781","targetHints":{"allow":["GET"]}}],"collection":[{"href":"http:\/\/folhadosudeste.com\/site\/index.php?rest_route=\/wp\/v2\/posts"}],"about":[{"href":"http:\/\/folhadosudeste.com\/site\/index.php?rest_route=\/wp\/v2\/types\/post"}],"author":[{"embeddable":true,"href":"http:\/\/folhadosudeste.com\/site\/index.php?rest_route=\/wp\/v2\/users\/6"}],"replies":[{"embeddable":true,"href":"http:\/\/folhadosudeste.com\/site\/index.php?rest_route=%2Fwp%2Fv2%2Fcomments&post=27781"}],"version-history":[{"count":1,"href":"http:\/\/folhadosudeste.com\/site\/index.php?rest_route=\/wp\/v2\/posts\/27781\/revisions"}],"predecessor-version":[{"id":27820,"href":"http:\/\/folhadosudeste.com\/site\/index.php?rest_route=\/wp\/v2\/posts\/27781\/revisions\/27820"}],"wp:featuredmedia":[{"embeddable":true,"href":"http:\/\/folhadosudeste.com\/site\/index.php?rest_route=\/wp\/v2\/media\/27782"}],"wp:attachment":[{"href":"http:\/\/folhadosudeste.com\/site\/index.php?rest_route=%2Fwp%2Fv2%2Fmedia&parent=27781"}],"wp:term":[{"taxonomy":"category","embeddable":true,"href":"http:\/\/folhadosudeste.com\/site\/index.php?rest_route=%2Fwp%2Fv2%2Fcategories&post=27781"},{"taxonomy":"post_tag","embeddable":true,"href":"http:\/\/folhadosudeste.com\/site\/index.php?rest_route=%2Fwp%2Fv2%2Ftags&post=27781"}],"curies":[{"name":"wp","href":"https:\/\/api.w.org\/{rel}","templated":true}]}}