{"id":27825,"date":"2016-11-09T10:31:53","date_gmt":"2016-11-09T10:31:53","guid":{"rendered":"http:\/\/folhadosudeste.com\/site\/?p=27825"},"modified":"2016-11-09T10:31:53","modified_gmt":"2016-11-09T10:31:53","slug":"faemg-capacita-tecnicos-do-programa-balde-cheio-em-bh","status":"publish","type":"post","link":"http:\/\/folhadosudeste.com\/site\/?p=27825","title":{"rendered":"FAEMG capacita t\u00e9cnicos do Programa Balde Cheio em BH"},"content":{"rendered":"<p><a href=\"http:\/\/folhadosudeste.com\/site\/wp-content\/uploads\/2016\/11\/image004.jpg\"><img loading=\"lazy\" decoding=\"async\" class=\"aligncenter wp-image-27826 size-full\" src=\"http:\/\/folhadosudeste.com\/site\/wp-content\/uploads\/2016\/11\/image004.jpg\" alt=\"image004\" width=\"576\" height=\"381\" srcset=\"http:\/\/folhadosudeste.com\/site\/wp-content\/uploads\/2016\/11\/image004.jpg 576w, http:\/\/folhadosudeste.com\/site\/wp-content\/uploads\/2016\/11\/image004-300x198.jpg 300w\" sizes=\"auto, (max-width: 576px) 100vw, 576px\" \/><\/a> <a href=\"http:\/\/folhadosudeste.com\/site\/wp-content\/uploads\/2016\/11\/image0041.jpg\"><img loading=\"lazy\" decoding=\"async\" class=\"alignnone size-medium wp-image-27827\" src=\"http:\/\/folhadosudeste.com\/site\/wp-content\/uploads\/2016\/11\/image0041-300x198.jpg\" alt=\"image004\" width=\"300\" height=\"198\" srcset=\"http:\/\/folhadosudeste.com\/site\/wp-content\/uploads\/2016\/11\/image0041-300x198.jpg 300w, http:\/\/folhadosudeste.com\/site\/wp-content\/uploads\/2016\/11\/image0041.jpg 800w\" sizes=\"auto, (max-width: 300px) 100vw, 300px\" \/><\/a><\/p>\n<p>O Sistema FAEMG iniciou nesta segunda-feira (7\/11) o segundo curso de capacita\u00e7\u00e3o do ano para t\u00e9cnicos do programa Balde Cheio. Manejo do rebanho ser\u00e1 o tema central do evento, que conta com cerca de 100 profissionais que participam do projeto coordenado pela entidade em todo o estado. A programa\u00e7\u00e3o prev\u00ea palestras com temas variados, como o sistema sindical, introdu\u00e7\u00e3o do manejo do rebanho, fundamentos para produ\u00e7\u00e3o econ\u00f4mica de leite, produ\u00e7\u00e3o de silagem, estrat\u00e9gia de cruzamento, perfil da vaca funcional, <em>compost barn<\/em> (\u00e1rea de descanso para as vacas leiteiras), persist\u00eancia da lacta\u00e7\u00e3o, produ\u00e7\u00e3o de leite org\u00e2nico e qualidade do leite, al\u00e9m de outros assuntos relacionados ao melhoramento de bovinos leiteiros.<\/p>\n<p>Na abertura do treinamento,\u00a0 o diretor da FAEMG, presidente da Comiss\u00e3o Nacional de Bovinocultura de Leite da CNA e da C\u00e2mara T\u00e9cnica Setorial de Leite do MAPA, Rodrigo Alvim, disse que, mundialmente, o cen\u00e1rio da pecu\u00e1ria leiteira n\u00e3o \u00e9 dos melhores, por causa do pre\u00e7o atual do leite. Entretanto, destaca que no Brasil h\u00e1 ainda mais um ponto negativo: \u201cAqui a situa\u00e7\u00e3o \u00e9 um pouco mais complicada por causa dos altos custos de produ\u00e7\u00e3o\u201d.<\/p>\n<p>De acordo com o coordenador t\u00e9cnico do programa Balde Cheio em Minas, Walter Ribeiro, al\u00e9m dos temas tradicionais, como manejo dos animais e a realidade do mercado de leite, a cada edi\u00e7\u00e3o s\u00e3o sempre debatidos assuntos diferenciados. Neste encontro, um dos temas ser\u00e1 o de produ\u00e7\u00e3o de leite org\u00e2nico. \u201cTemos um exemplo desse neg\u00f3cio em Serra Negra, pr\u00f3ximo a S\u00e3o Paulo, que apresenta muita rentabilidade. \u00c9 um neg\u00f3cio novo no Brasil, ainda incipiente, mas com grande potencial, porque tem o apelo de alimenta\u00e7\u00e3o saud\u00e1vel\u201d.<\/p>\n<p>&nbsp;<\/p>\n<p><strong>| Resultados positivos<\/strong><\/p>\n<p><strong>\u00a0<\/strong><\/p>\n<p>De acordo com o analista de agroneg\u00f3cios da FAEMG e coordenador do Programa Balde Cheio, Wallisson Fonseca, nos 10 anos de implanta\u00e7\u00e3o, o programa apresentou resultados muito positivos no estado. \u201cOs produtores reduziram em 10% as \u00e1reas destinadas \u00e0 pecu\u00e1ria leiteira, dando mais espa\u00e7os para outras culturas e conseguiram incrementar em 45% a produ\u00e7\u00e3o di\u00e1ria, passando pelo aumento de 76% da produtividade. Os n\u00fameros mostram que o programa \u00e9 uma sa\u00edda para o produtor se tornar empres\u00e1rio rural, com gest\u00e3o eficiente de sua atividade no longo prazo\u201c.<\/p>\n<p>&nbsp;<\/p>\n<p>O Programa Balde Cheio foi criado h\u00e1 18 anos no Brasil, pela Embrapa. Segundo o coordenador nacional do programa, Artur Chinelato de Camargo, nesse tempo, passou por mudan\u00e7as na metodologia com a colabora\u00e7\u00e3o direta dos t\u00e9cnicos que atendem produtores: \u201cEm Minas Gerais, h\u00e1 um grupo de profissionais muito capacitados para atender os pecuaristas e o apoio da FAEMG \u00e9 fundamental para que o programa seja um sucesso no estado\u201d.\u00a0 Segundo ele, uma das estrat\u00e9gias do Balde Cheio \u00e9 fazer com que os produtores procurem o programa e n\u00e3o o contr\u00e1rio: \u201c\u00c9 preciso que ele reconhe\u00e7a as necessidades de sua propriedade para ingressar no programa. O que n\u00e3o faltam s\u00e3o hist\u00f3rias de sucesso como exemplo\u201d, diz Chinelato.<\/p>\n<p>&nbsp;<\/p>\n<p>Al\u00e9m da gest\u00e3o dos neg\u00f3cios, com aumento dos lucros, o programa tamb\u00e9m ajuda no planejamento do neg\u00f3cio da fam\u00edlia. \u201cO Balde Cheio \u00e9 muito importante para a cadeia produtiva como um todo, pois contribui para o resgate da autoestima do produtor, que passou a ser gestor de sua atividade tendo lucro. A lucratividade \u00e9 importante para que o produtor promova a sucess\u00e3o familiar, com trabalho de assist\u00eancia t\u00e9cnica continuada\u201d, diz Wallisson.<br \/>\n<strong>| Balde Cheio<\/strong><\/p>\n<p><strong>\u00a0<\/strong><\/p>\n<p>A promo\u00e7\u00e3o do desenvolvimento e a competitividade da pecu\u00e1ria leiteira, com redu\u00e7\u00e3o dos custos e aumento de produ\u00e7\u00e3o s\u00e3o o foco do Programa de Desenvolvimento Integrado da Pecu\u00e1ria Leiteira (Programa Balde Cheio).\u00a0 Criado nacionalmente pela Embrapa em 1998 e implantado em Minas Gerais em 2007, sob gest\u00e3o da FAEMG, o programa est\u00e1 no d\u00e9cimo ano de atividades no estado e conta com 280 t\u00e9cnicos treinados e capacitados, que prestam assist\u00eancia cont\u00ednua a 2.500 produtores em 325 munic\u00edpios.<\/p>\n","protected":false},"excerpt":{"rendered":"<p>O Sistema FAEMG iniciou nesta segunda-feira (7\/11) o segundo curso de capacita\u00e7\u00e3o do ano para t\u00e9cnicos do programa Balde Cheio. Manejo do rebanho ser\u00e1 o tema central do evento, que conta com cerca de 100 profissionais que participam do projeto coordenado pela entidade em todo o estado. A programa\u00e7\u00e3o prev\u00ea palestras com temas variados, como [&hellip;]<\/p>\n","protected":false},"author":6,"featured_media":27827,"comment_status":"open","ping_status":"closed","sticky":false,"template":"","format":"standard","meta":{"_joinchat":[],"footnotes":""},"categories":[1],"tags":[],"class_list":["post-27825","post","type-post","status-publish","format-standard","has-post-thumbnail","hentry","category-sem-categoria"],"_links":{"self":[{"href":"http:\/\/folhadosudeste.com\/site\/index.php?rest_route=\/wp\/v2\/posts\/27825","targetHints":{"allow":["GET"]}}],"collection":[{"href":"http:\/\/folhadosudeste.com\/site\/index.php?rest_route=\/wp\/v2\/posts"}],"about":[{"href":"http:\/\/folhadosudeste.com\/site\/index.php?rest_route=\/wp\/v2\/types\/post"}],"author":[{"embeddable":true,"href":"http:\/\/folhadosudeste.com\/site\/index.php?rest_route=\/wp\/v2\/users\/6"}],"replies":[{"embeddable":true,"href":"http:\/\/folhadosudeste.com\/site\/index.php?rest_route=%2Fwp%2Fv2%2Fcomments&post=27825"}],"version-history":[{"count":1,"href":"http:\/\/folhadosudeste.com\/site\/index.php?rest_route=\/wp\/v2\/posts\/27825\/revisions"}],"predecessor-version":[{"id":27828,"href":"http:\/\/folhadosudeste.com\/site\/index.php?rest_route=\/wp\/v2\/posts\/27825\/revisions\/27828"}],"wp:featuredmedia":[{"embeddable":true,"href":"http:\/\/folhadosudeste.com\/site\/index.php?rest_route=\/wp\/v2\/media\/27827"}],"wp:attachment":[{"href":"http:\/\/folhadosudeste.com\/site\/index.php?rest_route=%2Fwp%2Fv2%2Fmedia&parent=27825"}],"wp:term":[{"taxonomy":"category","embeddable":true,"href":"http:\/\/folhadosudeste.com\/site\/index.php?rest_route=%2Fwp%2Fv2%2Fcategories&post=27825"},{"taxonomy":"post_tag","embeddable":true,"href":"http:\/\/folhadosudeste.com\/site\/index.php?rest_route=%2Fwp%2Fv2%2Ftags&post=27825"}],"curies":[{"name":"wp","href":"https:\/\/api.w.org\/{rel}","templated":true}]}}