{"id":27837,"date":"2016-11-11T10:55:16","date_gmt":"2016-11-11T10:55:16","guid":{"rendered":"http:\/\/folhadosudeste.com\/site\/?p=27837"},"modified":"2016-11-11T10:55:16","modified_gmt":"2016-11-11T10:55:16","slug":"escola-sao-paulo-realiza-confraternizacao-em-homenagem-ao-dia-do-professor","status":"publish","type":"post","link":"http:\/\/folhadosudeste.com\/site\/?p=27837","title":{"rendered":"Escola S\u00e3o Paulo realiza Confraterniza\u00e7\u00e3o em homenagem ao Dia do Professor"},"content":{"rendered":"<p>&nbsp;<\/p>\n<p><a href=\"http:\/\/folhadosudeste.com\/site\/wp-content\/uploads\/2016\/11\/DSC_01401.jpg\"><img loading=\"lazy\" decoding=\"async\" class=\"aligncenter wp-image-27840 size-full\" src=\"http:\/\/folhadosudeste.com\/site\/wp-content\/uploads\/2016\/11\/DSC_01401.jpg\" alt=\"dsc_0140\" width=\"800\" height=\"228\" srcset=\"http:\/\/folhadosudeste.com\/site\/wp-content\/uploads\/2016\/11\/DSC_01401.jpg 800w, http:\/\/folhadosudeste.com\/site\/wp-content\/uploads\/2016\/11\/DSC_01401-300x85.jpg 300w\" sizes=\"auto, (max-width: 800px) 100vw, 800px\" \/><\/a><\/p>\n<p>A Escola S\u00e3o Paulo (ESP), renomada e centen\u00e1ria Institui\u00e7\u00e3o de Ensino muriaeense, mostrou que d\u00e1 valor \u00e0 educa\u00e7\u00e3o e aos profissionais que repassam os conhecimentos aos alunos, promovendo, na \u00faltima sexta (4\/10), um Coquetel de Confraterniza\u00e7\u00e3o em homenagem ao Dia do Professor, oficialmente comemorado em 15 de outubro. Foram prestigiados os profissionais da Escola em uma bela e agrad\u00e1vel noite, em um ambiente familiar. Teve o Momento de Beleza proporcionado \u00e0s professoras, em que elas foram maquiadas pelas profissionais do O Botic\u00e1rio, valorizando ainda mais a beleza de cada uma. Tamb\u00e9m foi feito sorteios de brindes disponibilizados pela loja. Todos os colaboradores tamb\u00e9m receberam um brinde da Escola S\u00e3o Paulo.<\/p>\n<p>Carla Beatriz Pacheco Novaes, Supervisora Pedag\u00f3gica do Turno Vespertino da ESP, explica que essa festa acontece todos os anos, um momento que a dire\u00e7\u00e3o aproveita para confraternizar e homenagear os profissionais e colaboradores da Escola pelo Dia dos Professores. Ela lembra que, na correria do dia-a-dia, muitas vezes n\u00e3o conseguimos demonstrar a import\u00e2ncia dessas pessoas e, na verdade, a Institui\u00e7\u00e3o de Ensino s\u00f3 existe por causa deles. <em>\u201cAtualmente, o educador tem sido muito desvalorizado, tanto financeiramente quanto pela pr\u00f3pria fam\u00edlia. Os professores t\u00eam ficado muito desgastados, ent\u00e3o esse \u00e9 o momento de mostrar que o papel deles \u00e9 fundamental e que reconhecemos isso. A Escola S\u00e3o Paulo preza muito por essa valoriza\u00e7\u00e3o. Somos uma fam\u00edlia mesmo, sempre unidos, em um clima muito gostoso, de muito respeito. \u00c9 muito raro trabalhar em um local onde nos sentimos bem, trabalhamos felizes e o ambiente \u00e9 agrad\u00e1vel\u201d,<\/em> explica.<\/p>\n<p>O Diretor Jos\u00e9 Nicodemos Couto deixou claro a posi\u00e7\u00e3o da Escola de prestigiar os professores, pois eles t\u00eam que ser valorizados j\u00e1 que s\u00e3o respons\u00e1veis pelos primeiros passos na educa\u00e7\u00e3o e cidadania das pessoas. \u00c9 tamb\u00e9m papel deles direcionar o aprendizado dos alunos de modo que possam escolher de forma consciente qual caminho ir\u00e3o escolher e qual profiss\u00e3o dever\u00e3o seguir. <em>\u201cO m\u00e9dico, o advogado, o funcion\u00e1rio p\u00fablico, todos passam primeiro pelas instru\u00e7\u00f5es do professor. At\u00e9 mesmo as profiss\u00f5es que n\u00e3o precisam de forma\u00e7\u00e3o, quando exercidas por aqueles que passam pela sala de aula, s\u00e3o melhores administradas e trazem resultados mais satisfat\u00f3rios. Os conhecimentos b\u00e1sicos s\u00e3o essenciais para a vida cotidiana, ent\u00e3o a educa\u00e7\u00e3o b\u00e1sica \u00e9 algo que n\u00e3o pode ser dispensado de maneira nenhuma. Temos que educar as crian\u00e7as, os jovens e os adultos que n\u00e3o tenham conclu\u00eddo seus estudos. Deixamos nossa homenagem aos nossos professores que constroem o conhecimento a cada novo dia e ajudam a colocar no mercado de trabalho profissionais qualificados e eficientes, mantendo a tradi\u00e7\u00e3o centen\u00e1ria da Escola S\u00e3o Paulo\u201d,<\/em> completa.<\/p>\n<p><img decoding=\"async\" class=\"ngg_displayed_gallery mceItem\" src=\"http:\/\/folhadosudeste.com\/site\/index.php\/nextgen-attach_to_post\/preview\/id--27901\" alt=\"\" \/><\/p>\n","protected":false},"excerpt":{"rendered":"<p>&nbsp; A Escola S\u00e3o Paulo (ESP), renomada e centen\u00e1ria Institui\u00e7\u00e3o de Ensino muriaeense, mostrou que d\u00e1 valor \u00e0 educa\u00e7\u00e3o e aos profissionais que repassam os conhecimentos aos alunos, promovendo, na \u00faltima sexta (4\/10), um Coquetel de Confraterniza\u00e7\u00e3o em homenagem ao Dia do Professor, oficialmente comemorado em 15 de outubro. Foram prestigiados os profissionais da Escola [&hellip;]<\/p>\n","protected":false},"author":6,"featured_media":27840,"comment_status":"open","ping_status":"closed","sticky":false,"template":"","format":"standard","meta":{"_joinchat":[],"footnotes":""},"categories":[1],"tags":[],"class_list":["post-27837","post","type-post","status-publish","format-standard","has-post-thumbnail","hentry","category-sem-categoria"],"_links":{"self":[{"href":"http:\/\/folhadosudeste.com\/site\/index.php?rest_route=\/wp\/v2\/posts\/27837","targetHints":{"allow":["GET"]}}],"collection":[{"href":"http:\/\/folhadosudeste.com\/site\/index.php?rest_route=\/wp\/v2\/posts"}],"about":[{"href":"http:\/\/folhadosudeste.com\/site\/index.php?rest_route=\/wp\/v2\/types\/post"}],"author":[{"embeddable":true,"href":"http:\/\/folhadosudeste.com\/site\/index.php?rest_route=\/wp\/v2\/users\/6"}],"replies":[{"embeddable":true,"href":"http:\/\/folhadosudeste.com\/site\/index.php?rest_route=%2Fwp%2Fv2%2Fcomments&post=27837"}],"version-history":[{"count":1,"href":"http:\/\/folhadosudeste.com\/site\/index.php?rest_route=\/wp\/v2\/posts\/27837\/revisions"}],"predecessor-version":[{"id":27902,"href":"http:\/\/folhadosudeste.com\/site\/index.php?rest_route=\/wp\/v2\/posts\/27837\/revisions\/27902"}],"wp:featuredmedia":[{"embeddable":true,"href":"http:\/\/folhadosudeste.com\/site\/index.php?rest_route=\/wp\/v2\/media\/27840"}],"wp:attachment":[{"href":"http:\/\/folhadosudeste.com\/site\/index.php?rest_route=%2Fwp%2Fv2%2Fmedia&parent=27837"}],"wp:term":[{"taxonomy":"category","embeddable":true,"href":"http:\/\/folhadosudeste.com\/site\/index.php?rest_route=%2Fwp%2Fv2%2Fcategories&post=27837"},{"taxonomy":"post_tag","embeddable":true,"href":"http:\/\/folhadosudeste.com\/site\/index.php?rest_route=%2Fwp%2Fv2%2Ftags&post=27837"}],"curies":[{"name":"wp","href":"https:\/\/api.w.org\/{rel}","templated":true}]}}