{"id":27903,"date":"2016-11-11T10:58:21","date_gmt":"2016-11-11T10:58:21","guid":{"rendered":"http:\/\/folhadosudeste.com\/site\/?p=27903"},"modified":"2016-11-11T10:58:21","modified_gmt":"2016-11-11T10:58:21","slug":"prefeito-eleito-grego-anuncia-novo-secretariado-municipal","status":"publish","type":"post","link":"http:\/\/folhadosudeste.com\/site\/?p=27903","title":{"rendered":"Prefeito eleito Grego anuncia novo secretariado municipal"},"content":{"rendered":"<p><a href=\"http:\/\/folhadosudeste.com\/site\/wp-content\/uploads\/2016\/11\/MAIOR5.jpg\"><img loading=\"lazy\" decoding=\"async\" class=\"aligncenter wp-image-27904 size-full\" src=\"http:\/\/folhadosudeste.com\/site\/wp-content\/uploads\/2016\/11\/MAIOR5.jpg\" alt=\"maior\" width=\"800\" height=\"533\" srcset=\"http:\/\/folhadosudeste.com\/site\/wp-content\/uploads\/2016\/11\/MAIOR5.jpg 800w, http:\/\/folhadosudeste.com\/site\/wp-content\/uploads\/2016\/11\/MAIOR5-300x199.jpg 300w\" sizes=\"auto, (max-width: 800px) 100vw, 800px\" \/><\/a><\/p>\n<p>i anunciado o novo secretariado municipal de Muria\u00e9, o qual far\u00e1 parte da equipe do prefeito eleito Grego (DEM) e seu vice Dr. Marcos Guarino, que assumir\u00e3o a gest\u00e3o municipal a partir do pr\u00f3ximo ano (Administra\u00e7\u00e3o 2017-2020). Ele apresentou oficialmente os nomes de comando das pastas em coletiva de imprensa para os jornais impresso e sites, realizada em sua resid\u00eancia, na \u00faltima ter\u00e7a (8\/11). O prefeito eleito contou que foi bem recebido em seus primeiros contatos e solicita\u00e7\u00f5es, mas lamenta que parte da documenta\u00e7\u00e3o que pediu ainda n\u00e3o foi entregue. Determinado a n\u00e3o fugir \u00e0s responsabilidades do cargo e na certeza de que atuar\u00e1, junto \u00e0 sua equipe, sempre de forma clara, ele esclareceu alguns pontos importantes de sua vis\u00e3o administrativa na reuni\u00e3o, a qual teve a presen\u00e7a dos principais \u00f3rg\u00e3os de comunica\u00e7\u00e3o de nossa cidade (impressos, r\u00e1dio, sites e TV), entre eles o jornal Folha do Sudeste.<\/p>\n<p>Segundo Grego, foi adotado um crit\u00e9rio t\u00e9cnico para escolha do secretariado, valorizando servidores p\u00fablicos efetivos, como exemplo da FUNDARTE, Secretaria de Fazenda e Procuradoria Geral, para montar uma equipe de credibilidade para a sociedade, destacando no comando nomes conhecidos, mas que podem tamb\u00e9m atender os anseios da popula\u00e7\u00e3o. A meta \u00e9 manter a sintonia com o povo sob lideran\u00e7a de uma equipe com a mesma filosofia de trabalho, que pensam e querem o bem da cidade; profissionais j\u00e1 reconhecidos em nosso munic\u00edpio e regi\u00e3o, sendo valorizados com esse convite para cargos de primeira classe. <em>\u201cNo \u00faltimo pleito eleitoral, tivemos um grande n\u00famero de votos nulos, brancos e absten\u00e7\u00f5es, formando um fen\u00f4meno que se destaca como contr\u00e1rio \u00e0 pol\u00edtica e isso se deve a muitos dos pol\u00edticos, que n\u00e3o representam a classe e n\u00e3o se d\u00e3o ao respeito. Procurei justamente afinar e pensar na cidade como um embri\u00e3o, um gr\u00e3o de areia dentre tantos munic\u00edpios, ent\u00e3o buscamos fazer o dever de casa\u201d,<\/em> explica.<\/p>\n<p>Sobre as fus\u00f5es e incorpora\u00e7\u00f5es em secretarias, reduzindo o n\u00famero das mesmas, Grego afirma que isso n\u00e3o era um desejo e sim uma imposi\u00e7\u00e3o da atual situa\u00e7\u00e3o econ\u00f4mica. Os cortes de gastos tornaram-se uma necessidade e, ao mesmo tempo em que, mantendo as secretarias, estaria agraciando alguns companheiros, foi preciso ser condizente com a situa\u00e7\u00e3o vivenciada no mundo, especialmente no Brasil, sem, no entanto, prejudicar ou comprometer a presta\u00e7\u00e3o de servi\u00e7os. <em>\u201cConfio muito nessas pessoas que escolhi, pois tenho certeza de que eles n\u00e3o fugir\u00e3o \u00e0 grande responsabilidade que eles ter\u00e3o. Foi uma escolha diversificada, com um grupo que representa v\u00e1rias camadas sociais. Fico orgulhoso de ter conseguido montar essa equipe, apesar de algumas pessoas terem dito que n\u00e3o era o melhor. Ao contr\u00e1rio, tenho a certeza de que eles s\u00e3o os mais comprometidos e coesos com nossa filosofia de trabalho que queremos adotar a partir de 1\u00ba de janeiro. Nosso norte \u00e9 uma administra\u00e7\u00e3o transparente e participativa\u201d,<\/em> acrescenta.<\/p>\n<p>E \u00e9 por isso que Grego convoca os muriaeenses, pois refor\u00e7a a necessidade de que a popula\u00e7\u00e3o saia do conforto de apenas criticar e passe tamb\u00e9m a participar, aproveitando essa oportunidade, j\u00e1 que muitos reclamavam que a classe pol\u00edtica n\u00e3o permitia esse tipo de democracia. <em>\u201cQueremos que as pessoas e as organiza\u00e7\u00f5es possam atuar junto conosco, pois as mudan\u00e7as que fizemos e vamos fazer n\u00e3o s\u00e3o somente de nomes, mas tamb\u00e9m de cultura, modo de pensar e agir. O erro n\u00e3o est\u00e1 somente na pol\u00edtica e \u00e9 importante que todos compreendam e fa\u00e7am seu melhor. Nosso comprometimento \u00e9 de assumir nossas promessas e efetiv\u00e1-las, sempre com igualdade e respeito\u201d,<\/em> completa.<\/p>\n<p>Confira o novo secretariado escolhido pelo o prefeito Grego (algumas pastas ainda n\u00e3o t\u00eam os nomes definidos):<\/p>\n<p><strong>Gabinete do Prefeito:<\/strong>\u00a0S\u00e9rgio Soares Duarte<\/p>\n<p><strong>Procuradoria Geral:<\/strong>\u00a0Luciano Luiz Bandeira de Melo<\/p>\n<p><strong>Secretaria Municipal de Administra\u00e7\u00e3o:<\/strong>\u00a0a ser definido<\/p>\n<p><strong>Secretaria Municipal de Agricultura e Meio Ambiente:<\/strong>\u00a0Manoel Teodoro Pereira de Carvalho Filho<\/p>\n<p><strong>Secretaria Municipal de Desenvolvimento Econ\u00f4mico e Rela\u00e7\u00f5es Institucionais:<\/strong>\u00a0Carlos Magno de Oliveira<\/p>\n<p><strong>Secretaria Municipal de Desenvolvimento Social:<\/strong>\u00a0Giselle Braga de Aquino. <strong>Adjunta:<\/strong>\u00a0Elis\u00e2ngela Camerino<\/p>\n<p><strong>Secretaria Municipal de Educa\u00e7\u00e3o, Esporte, Lazer e Juventude:<\/strong>\u00a0Maria Concei\u00e7\u00e3o Rodrigues de Souza (Nininha). <strong>Adjunta:<\/strong>\u00a0\u00a0a ser definido<\/p>\n<p><strong>Secretaria Municipal de Fazenda:<\/strong>\u00a0C\u00e9lio Carlos de Paula<\/p>\n<p><strong>Secretaria Municipal de Obras:<\/strong>\u00a0Aderbal Fernandes da Silva<\/p>\n<p><strong>Secretaria Municipal de Sa\u00fade:<\/strong>\u00a0Dr. Paulo C\u00e9sar de Oliveira<\/p>\n<p><strong>Secretaria Adjunta de Sa\u00fade:<\/strong>\u00a0A ser definido<\/p>\n<p><strong>Departamento Municipal de Saneamento Urbano (DEMSUR):<\/strong>\u00a0Geraldo Vergilino de Freitas J\u00fanior<\/p>\n<p><strong>Funda\u00e7\u00e3o de Cultura e Artes (FUNDARTE):<\/strong>\u00a0Fl\u00e1via de Mello Neves<\/p>\n<p><strong>Controladoria, Planejamento e Gest\u00e3o:<\/strong>\u00a0Silvio M\u00e1rcio Bousada Salvato<\/p>\n<p><strong>Departamento Municipal de Transportes e Tr\u00e2nsito (DEMUTTRAN):<\/strong>\u00a0A ser definido<\/p>\n<p><img decoding=\"async\" class=\"ngg_displayed_gallery mceItem\" src=\"http:\/\/folhadosudeste.com\/site\/index.php\/nextgen-attach_to_post\/preview\/id--27920\" alt=\"\" \/><\/p>\n","protected":false},"excerpt":{"rendered":"<p>i anunciado o novo secretariado municipal de Muria\u00e9, o qual far\u00e1 parte da equipe do prefeito eleito Grego (DEM) e seu vice Dr. Marcos Guarino, que assumir\u00e3o a gest\u00e3o municipal a partir do pr\u00f3ximo ano (Administra\u00e7\u00e3o 2017-2020). Ele apresentou oficialmente os nomes de comando das pastas em coletiva de imprensa para os jornais impresso e [&hellip;]<\/p>\n","protected":false},"author":6,"featured_media":27904,"comment_status":"open","ping_status":"closed","sticky":false,"template":"","format":"standard","meta":{"_joinchat":[],"footnotes":""},"categories":[1],"tags":[],"class_list":["post-27903","post","type-post","status-publish","format-standard","has-post-thumbnail","hentry","category-sem-categoria"],"_links":{"self":[{"href":"http:\/\/folhadosudeste.com\/site\/index.php?rest_route=\/wp\/v2\/posts\/27903","targetHints":{"allow":["GET"]}}],"collection":[{"href":"http:\/\/folhadosudeste.com\/site\/index.php?rest_route=\/wp\/v2\/posts"}],"about":[{"href":"http:\/\/folhadosudeste.com\/site\/index.php?rest_route=\/wp\/v2\/types\/post"}],"author":[{"embeddable":true,"href":"http:\/\/folhadosudeste.com\/site\/index.php?rest_route=\/wp\/v2\/users\/6"}],"replies":[{"embeddable":true,"href":"http:\/\/folhadosudeste.com\/site\/index.php?rest_route=%2Fwp%2Fv2%2Fcomments&post=27903"}],"version-history":[{"count":1,"href":"http:\/\/folhadosudeste.com\/site\/index.php?rest_route=\/wp\/v2\/posts\/27903\/revisions"}],"predecessor-version":[{"id":27921,"href":"http:\/\/folhadosudeste.com\/site\/index.php?rest_route=\/wp\/v2\/posts\/27903\/revisions\/27921"}],"wp:featuredmedia":[{"embeddable":true,"href":"http:\/\/folhadosudeste.com\/site\/index.php?rest_route=\/wp\/v2\/media\/27904"}],"wp:attachment":[{"href":"http:\/\/folhadosudeste.com\/site\/index.php?rest_route=%2Fwp%2Fv2%2Fmedia&parent=27903"}],"wp:term":[{"taxonomy":"category","embeddable":true,"href":"http:\/\/folhadosudeste.com\/site\/index.php?rest_route=%2Fwp%2Fv2%2Fcategories&post=27903"},{"taxonomy":"post_tag","embeddable":true,"href":"http:\/\/folhadosudeste.com\/site\/index.php?rest_route=%2Fwp%2Fv2%2Ftags&post=27903"}],"curies":[{"name":"wp","href":"https:\/\/api.w.org\/{rel}","templated":true}]}}