{"id":28024,"date":"2016-11-11T11:15:23","date_gmt":"2016-11-11T11:15:23","guid":{"rendered":"http:\/\/folhadosudeste.com\/site\/?p=28024"},"modified":"2016-11-11T11:15:23","modified_gmt":"2016-11-11T11:15:23","slug":"fundarte-promove-mais-um-espetaculo-em-comemoracao-ao-centenario-do-samba","status":"publish","type":"post","link":"http:\/\/folhadosudeste.com\/site\/?p=28024","title":{"rendered":"Fundarte promove mais um espet\u00e1culo em comemora\u00e7\u00e3o ao Centen\u00e1rio do Samba"},"content":{"rendered":"<p><a href=\"http:\/\/folhadosudeste.com\/site\/wp-content\/uploads\/2016\/11\/MAIOR6.jpg\"><img loading=\"lazy\" decoding=\"async\" class=\"aligncenter wp-image-28025 size-full\" src=\"http:\/\/folhadosudeste.com\/site\/wp-content\/uploads\/2016\/11\/MAIOR6.jpg\" alt=\"maior\" width=\"800\" height=\"533\" srcset=\"http:\/\/folhadosudeste.com\/site\/wp-content\/uploads\/2016\/11\/MAIOR6.jpg 800w, http:\/\/folhadosudeste.com\/site\/wp-content\/uploads\/2016\/11\/MAIOR6-300x199.jpg 300w\" sizes=\"auto, (max-width: 800px) 100vw, 800px\" \/><\/a><\/p>\n<p>Na noite da \u00faltima quarta (10\/11), a Fundarte promoveu um tributo ao samba, no Teatro Municipal Belmira Vilas Boas, com um grande p\u00fablico que teve entrada franca. Dando prosseguimento ao Programa Belmira em Cena, a Escola Municipal de M\u00fasica Leonel Vargas apresentou, com participa\u00e7\u00e3o de v\u00e1rios convidados, o espet\u00e1culo \u2018100 Anos de Samba\u2019, uma alus\u00e3o \u00e0s comemora\u00e7\u00f5es do centen\u00e1rio deste ritmo musical, comemorado no ano de 2016.<\/p>\n<p>Segundo Alessandra Bernardes, coordenadora das Escolas de Artes, esse \u00e9 um evento interdisciplinar, que re\u00fane todas as escolas de arte da Fundarte, em comemora\u00e7\u00e3o ao Centen\u00e1rio do Samba, tema escolhido para esse ano e que teve como foco a m\u00fasica, com participa\u00e7\u00f5es especiais da Escola de Dan\u00e7a, coreografia com a professora Jana\u00edna Frade e v\u00e1rios convidados externos, como Danilo Sigiliano, Jesu\u00edna, sambistas do Clube do Samba, Dudu Tupete, Anderson J\u00f3ia, alunos e muitas fam\u00edlias. Teve tamb\u00e9m \u00e0 apresenta\u00e7\u00e3o do Coral Cantare e do Coral da Escola Municipal de M\u00fasica. Para Alessandra, este \u00e9 um momento de comemorar essa data importante para a cultura brasileira e aproveitar para estreitar os la\u00e7os entre as escolas. <em>\u201cJ\u00e1 come\u00e7amos a preparar para o repert\u00f3rio de Natal, com a tradicional Cantata que acontece no Coreto, um Conserto de Natal que acontece no Teatro Belmira, tem espet\u00e1culo de dan\u00e7a, essa semana est\u00e1 estreando a pe\u00e7a de uma montagem teatral, ent\u00e3o ainda tem muita coisa pela frente. Na escola, temos aproximadamente 180 alunos e na de dan\u00e7a 200. No total estamos com quase 500 alunos. A secretaria das escolas funciona na Fundarte, mas cada escola tem seu local especifico. S\u00e3o v\u00e1rios pontos, mas os pais que quiserem matricular seus filhos t\u00eam que procurar a Fundarte, anexa ao Terminal Rodovi\u00e1rio. As matr\u00edculas acontecer\u00e3o em fevereiro. Agrade\u00e7o a todos que nos prestigiam\u201d,<\/em> destaca.<\/p>\n<p>Gilca Napier, diretora geral da Fundarte, explica que essas apresenta\u00e7\u00f5es representaram o encerramento do projeto. <em>\u201cO Samba nunca esteve t\u00e3o em alta como agora, principalmente em Muria\u00e9, uma cidade de excelentes m\u00fasicos e o Samba est\u00e1 entrando no repert\u00f3rio deles. Tivemos apresenta\u00e7\u00f5es dos grupos art\u00edsticos. Temos a sincronia do professor e do aluno, que possibilitam um espet\u00e1culo o qual d\u00e1 prazer de assistir. As fam\u00edlias prestigiam demais tudo que est\u00e1 acontecendo. O p\u00fablico de Muria\u00e9 \u00e9 extremamente educado e aplaude com vontade\u201d,<\/em> completa.<\/p>\n<p><img decoding=\"async\" class=\"ngg_displayed_gallery mceItem\" src=\"http:\/\/folhadosudeste.com\/site\/index.php\/nextgen-attach_to_post\/preview\/id--28040\" alt=\"\" \/><\/p>\n","protected":false},"excerpt":{"rendered":"<p>Na noite da \u00faltima quarta (10\/11), a Fundarte promoveu um tributo ao samba, no Teatro Municipal Belmira Vilas Boas, com um grande p\u00fablico que teve entrada franca. Dando prosseguimento ao Programa Belmira em Cena, a Escola Municipal de M\u00fasica Leonel Vargas apresentou, com participa\u00e7\u00e3o de v\u00e1rios convidados, o espet\u00e1culo \u2018100 Anos de Samba\u2019, uma alus\u00e3o [&hellip;]<\/p>\n","protected":false},"author":6,"featured_media":28025,"comment_status":"open","ping_status":"closed","sticky":false,"template":"","format":"standard","meta":{"_joinchat":[],"footnotes":""},"categories":[1],"tags":[],"class_list":["post-28024","post","type-post","status-publish","format-standard","has-post-thumbnail","hentry","category-sem-categoria"],"_links":{"self":[{"href":"http:\/\/folhadosudeste.com\/site\/index.php?rest_route=\/wp\/v2\/posts\/28024","targetHints":{"allow":["GET"]}}],"collection":[{"href":"http:\/\/folhadosudeste.com\/site\/index.php?rest_route=\/wp\/v2\/posts"}],"about":[{"href":"http:\/\/folhadosudeste.com\/site\/index.php?rest_route=\/wp\/v2\/types\/post"}],"author":[{"embeddable":true,"href":"http:\/\/folhadosudeste.com\/site\/index.php?rest_route=\/wp\/v2\/users\/6"}],"replies":[{"embeddable":true,"href":"http:\/\/folhadosudeste.com\/site\/index.php?rest_route=%2Fwp%2Fv2%2Fcomments&post=28024"}],"version-history":[{"count":1,"href":"http:\/\/folhadosudeste.com\/site\/index.php?rest_route=\/wp\/v2\/posts\/28024\/revisions"}],"predecessor-version":[{"id":28041,"href":"http:\/\/folhadosudeste.com\/site\/index.php?rest_route=\/wp\/v2\/posts\/28024\/revisions\/28041"}],"wp:featuredmedia":[{"embeddable":true,"href":"http:\/\/folhadosudeste.com\/site\/index.php?rest_route=\/wp\/v2\/media\/28025"}],"wp:attachment":[{"href":"http:\/\/folhadosudeste.com\/site\/index.php?rest_route=%2Fwp%2Fv2%2Fmedia&parent=28024"}],"wp:term":[{"taxonomy":"category","embeddable":true,"href":"http:\/\/folhadosudeste.com\/site\/index.php?rest_route=%2Fwp%2Fv2%2Fcategories&post=28024"},{"taxonomy":"post_tag","embeddable":true,"href":"http:\/\/folhadosudeste.com\/site\/index.php?rest_route=%2Fwp%2Fv2%2Ftags&post=28024"}],"curies":[{"name":"wp","href":"https:\/\/api.w.org\/{rel}","templated":true}]}}