{"id":28047,"date":"2016-11-18T10:55:29","date_gmt":"2016-11-18T10:55:29","guid":{"rendered":"http:\/\/folhadosudeste.com\/site\/?p=28047"},"modified":"2016-11-18T10:55:29","modified_gmt":"2016-11-18T10:55:29","slug":"show-de-premios-da-apae-muriae-acontecera-neste-domingo","status":"publish","type":"post","link":"http:\/\/folhadosudeste.com\/site\/?p=28047","title":{"rendered":"Show de Pr\u00eamios da APAE Muria\u00e9 acontecer\u00e1 neste domingo"},"content":{"rendered":"<p><a href=\"http:\/\/folhadosudeste.com\/site\/wp-content\/uploads\/2016\/11\/MAIOR7.jpg\"><img loading=\"lazy\" decoding=\"async\" class=\"aligncenter wp-image-28048 size-full\" src=\"http:\/\/folhadosudeste.com\/site\/wp-content\/uploads\/2016\/11\/MAIOR7.jpg\" alt=\"maior\" width=\"800\" height=\"530\" srcset=\"http:\/\/folhadosudeste.com\/site\/wp-content\/uploads\/2016\/11\/MAIOR7.jpg 800w, http:\/\/folhadosudeste.com\/site\/wp-content\/uploads\/2016\/11\/MAIOR7-300x198.jpg 300w\" sizes=\"auto, (max-width: 800px) 100vw, 800px\" \/><\/a><\/p>\n<p>Devido ao mal tempo no \u00faltimo domingo, 13 de novembro de 2016, dia do Show de Pr\u00eamios da APAE de Muria\u00e9, comunicamos que o mesmo foi adiado para o dia 20 de novembro, \u00e0s 14h no Parque de Exposi\u00e7\u00e3o Lael Varella.<\/p>\n<p>Informamos \u00e0s pessoas que os problemas com o som foram resolvidos e que haver\u00e1 tel\u00f5es na frente do palco para melhor visualiza\u00e7\u00e3o dos n\u00fameros sorteados. Solicitamos, se poss\u00edvel, por causa do grande n\u00famero de pessoas, que as crian\u00e7as sejam deixadas em casa.<\/p>\n<p>Pedimos que, se poss\u00edvel tamb\u00e9m, as pessoas procurem outra forma de transporte para evitarem congestionamento e aglomera\u00e7\u00e3o de carros, al\u00e9m de chegarem com anteced\u00eancia ao hor\u00e1rio marcado para o Show de Pr\u00eamios, ou seja, procurem chegar uma hora antes.<\/p>\n<p>A APAE de Muria\u00e9, atrav\u00e9s de sua dire\u00e7\u00e3o e diretoria, agradecem a compreens\u00e3o de todos.<\/p>\n<p><img decoding=\"async\" class=\"ngg_displayed_gallery mceItem\" src=\"http:\/\/folhadosudeste.com\/site\/index.php\/nextgen-attach_to_post\/preview\/id--28059\" alt=\"\" \/><\/p>\n","protected":false},"excerpt":{"rendered":"<p>Devido ao mal tempo no \u00faltimo domingo, 13 de novembro de 2016, dia do Show de Pr\u00eamios da APAE de Muria\u00e9, comunicamos que o mesmo foi adiado para o dia 20 de novembro, \u00e0s 14h no Parque de Exposi\u00e7\u00e3o Lael Varella. Informamos \u00e0s pessoas que os problemas com o som foram resolvidos e que haver\u00e1 [&hellip;]<\/p>\n","protected":false},"author":6,"featured_media":28048,"comment_status":"open","ping_status":"closed","sticky":false,"template":"","format":"standard","meta":{"_joinchat":[],"footnotes":""},"categories":[1],"tags":[],"class_list":["post-28047","post","type-post","status-publish","format-standard","has-post-thumbnail","hentry","category-sem-categoria"],"_links":{"self":[{"href":"http:\/\/folhadosudeste.com\/site\/index.php?rest_route=\/wp\/v2\/posts\/28047","targetHints":{"allow":["GET"]}}],"collection":[{"href":"http:\/\/folhadosudeste.com\/site\/index.php?rest_route=\/wp\/v2\/posts"}],"about":[{"href":"http:\/\/folhadosudeste.com\/site\/index.php?rest_route=\/wp\/v2\/types\/post"}],"author":[{"embeddable":true,"href":"http:\/\/folhadosudeste.com\/site\/index.php?rest_route=\/wp\/v2\/users\/6"}],"replies":[{"embeddable":true,"href":"http:\/\/folhadosudeste.com\/site\/index.php?rest_route=%2Fwp%2Fv2%2Fcomments&post=28047"}],"version-history":[{"count":1,"href":"http:\/\/folhadosudeste.com\/site\/index.php?rest_route=\/wp\/v2\/posts\/28047\/revisions"}],"predecessor-version":[{"id":28060,"href":"http:\/\/folhadosudeste.com\/site\/index.php?rest_route=\/wp\/v2\/posts\/28047\/revisions\/28060"}],"wp:featuredmedia":[{"embeddable":true,"href":"http:\/\/folhadosudeste.com\/site\/index.php?rest_route=\/wp\/v2\/media\/28048"}],"wp:attachment":[{"href":"http:\/\/folhadosudeste.com\/site\/index.php?rest_route=%2Fwp%2Fv2%2Fmedia&parent=28047"}],"wp:term":[{"taxonomy":"category","embeddable":true,"href":"http:\/\/folhadosudeste.com\/site\/index.php?rest_route=%2Fwp%2Fv2%2Fcategories&post=28047"},{"taxonomy":"post_tag","embeddable":true,"href":"http:\/\/folhadosudeste.com\/site\/index.php?rest_route=%2Fwp%2Fv2%2Ftags&post=28047"}],"curies":[{"name":"wp","href":"https:\/\/api.w.org\/{rel}","templated":true}]}}