{"id":28182,"date":"2016-11-18T11:11:39","date_gmt":"2016-11-18T11:11:39","guid":{"rendered":"http:\/\/folhadosudeste.com\/site\/?p=28182"},"modified":"2016-11-18T11:11:39","modified_gmt":"2016-11-18T11:11:39","slug":"solenidade-de-despedida-do-tenente-arcanjo","status":"publish","type":"post","link":"http:\/\/folhadosudeste.com\/site\/?p=28182","title":{"rendered":"Solenidade de Despedida do Tenente Arcanjo"},"content":{"rendered":"<p><a href=\"http:\/\/folhadosudeste.com\/site\/wp-content\/uploads\/2016\/11\/MAIOR13.jpg\"><img loading=\"lazy\" decoding=\"async\" class=\"aligncenter wp-image-28183 size-full\" src=\"http:\/\/folhadosudeste.com\/site\/wp-content\/uploads\/2016\/11\/MAIOR13.jpg\" alt=\"maior\" width=\"800\" height=\"533\" srcset=\"http:\/\/folhadosudeste.com\/site\/wp-content\/uploads\/2016\/11\/MAIOR13.jpg 800w, http:\/\/folhadosudeste.com\/site\/wp-content\/uploads\/2016\/11\/MAIOR13-300x199.jpg 300w\" sizes=\"auto, (max-width: 800px) 100vw, 800px\" \/><\/a><\/p>\n<p>Na manh\u00e3 da \u00faltima quinta-feira (17), no Teatro Zaccaria Marques, foi realizada uma solenidade que marcou o encerramento das atividades da 17\u00aa Delegacia do Servi\u00e7o Militar, com sede na Rua Coronel Domiciano, Centro, em frente o Pa\u00e7o Municipal. A ocasi\u00e3o tamb\u00e9m foi marcada pela despedida do delegado do Servi\u00e7o Militar Municipal, Tenente Arcanjo, o qual exercia essa fun\u00e7\u00e3o desde janeiro de 2015.<\/p>\n<p>O fechamento da institui\u00e7\u00e3o \u00e9 parte de uma modifica\u00e7\u00e3o no sistema organizacional do Ex\u00e9rcito Brasileiro, mas a popula\u00e7\u00e3o pode ficar tranquila que isso n\u00e3o afetar\u00e1 o processo de alistamento dos nossos jovens. O processo continuar\u00e1 gerenciado pela Junta do Servi\u00e7o Militar, \u00f3rg\u00e3o municipal que tem sede no mesmo endere\u00e7o da delegacia. Os 21 munic\u00edpios englobados passam a enviar seus dados sobre o alistamento militar diretamente \u00e0 12\u00aa Circunscri\u00e7\u00e3o do Servi\u00e7o Militar (Juiz de Fora MG). O atual prefeito e presidente do TG Muria\u00e9, Aloysio Aquino, esteve presente e parabenizou Ten. Arcanjo pelo trabalho prestado durante sua perman\u00eancia, bem como enfatizou a import\u00e2ncia das institui\u00e7\u00f5es militares.<\/p>\n<p>Segundo o prefeito eleito Grego, tamb\u00e9m presente no evento, o servi\u00e7o militar est\u00e1 intimamente ligado \u00e0 credibilidade da institui\u00e7\u00e3o Ex\u00e9rcito Brasileiro e a import\u00e2ncia que ele exerce atrav\u00e9s do Tiro de Guerra junto aos nossos jovens, na forma\u00e7\u00e3o de cidadania, valores c\u00edvicos e morais. <em>\u201cEles passam tamb\u00e9m a ser jovens mais bem preparados para atuar no mercado de trabalho. A Prefeitura n\u00e3o economizar\u00e1 esfor\u00e7os para ser parceira dessa institui\u00e7\u00e3o em nossa cidade, com meu compromisso de fortalecer esse v\u00ednculo e fazer de tudo para viabilizar a desejada sede pr\u00f3pria\u201d,<\/em> afirma.<\/p>\n<p>O comandante da 12\u00aa Circunscri\u00e7\u00e3o do Servi\u00e7o Militar, Alexandre Petrini Leonardo, explicou que j\u00e1 aconteceu com \u00eaxito a implementa\u00e7\u00e3o do sistema de alistamento online em munic\u00edpios do territ\u00f3rio brasileiro. <em>\u201cObservamos que pode ser evitada a emiss\u00e3o de diversos documentos, de forma representativa em termos de custo, e, por meio digital, eles podem ser validados\u201d, <\/em>explica.<\/p>\n<p>Tenente Arcanjo destacou que Minas Gerais \u00e9 uma terra muito boa, com a qual mant\u00e9m um grande sentimento. <em>\u201cAgrade\u00e7o pela oportunidade por ter ombreado, juntamente com o cidad\u00e3o muriaeense, este trabalho e ter sido aqui agraciado, porque essa \u00e9 minha segunda casa. Fui movimentado para o Batalh\u00e3o de Apoio \u00e0s Opera\u00e7\u00f5es Especiais em GO, onde terei a oportunidade de concluir minha miss\u00e3o como p\u00e1ra-quedista, voltando a saltar de aeronave em v\u00f4o\u201d,<\/em> completa.<\/p>\n<p><img decoding=\"async\" class=\"ngg_displayed_gallery mceItem\" src=\"http:\/\/folhadosudeste.com\/site\/index.php\/nextgen-attach_to_post\/preview\/id--28192\" alt=\"\" \/><\/p>\n","protected":false},"excerpt":{"rendered":"<p>Na manh\u00e3 da \u00faltima quinta-feira (17), no Teatro Zaccaria Marques, foi realizada uma solenidade que marcou o encerramento das atividades da 17\u00aa Delegacia do Servi\u00e7o Militar, com sede na Rua Coronel Domiciano, Centro, em frente o Pa\u00e7o Municipal. A ocasi\u00e3o tamb\u00e9m foi marcada pela despedida do delegado do Servi\u00e7o Militar Municipal, Tenente Arcanjo, o qual [&hellip;]<\/p>\n","protected":false},"author":6,"featured_media":28183,"comment_status":"open","ping_status":"closed","sticky":false,"template":"","format":"standard","meta":{"_joinchat":[],"footnotes":""},"categories":[1],"tags":[],"class_list":["post-28182","post","type-post","status-publish","format-standard","has-post-thumbnail","hentry","category-sem-categoria"],"_links":{"self":[{"href":"http:\/\/folhadosudeste.com\/site\/index.php?rest_route=\/wp\/v2\/posts\/28182","targetHints":{"allow":["GET"]}}],"collection":[{"href":"http:\/\/folhadosudeste.com\/site\/index.php?rest_route=\/wp\/v2\/posts"}],"about":[{"href":"http:\/\/folhadosudeste.com\/site\/index.php?rest_route=\/wp\/v2\/types\/post"}],"author":[{"embeddable":true,"href":"http:\/\/folhadosudeste.com\/site\/index.php?rest_route=\/wp\/v2\/users\/6"}],"replies":[{"embeddable":true,"href":"http:\/\/folhadosudeste.com\/site\/index.php?rest_route=%2Fwp%2Fv2%2Fcomments&post=28182"}],"version-history":[{"count":1,"href":"http:\/\/folhadosudeste.com\/site\/index.php?rest_route=\/wp\/v2\/posts\/28182\/revisions"}],"predecessor-version":[{"id":28193,"href":"http:\/\/folhadosudeste.com\/site\/index.php?rest_route=\/wp\/v2\/posts\/28182\/revisions\/28193"}],"wp:featuredmedia":[{"embeddable":true,"href":"http:\/\/folhadosudeste.com\/site\/index.php?rest_route=\/wp\/v2\/media\/28183"}],"wp:attachment":[{"href":"http:\/\/folhadosudeste.com\/site\/index.php?rest_route=%2Fwp%2Fv2%2Fmedia&parent=28182"}],"wp:term":[{"taxonomy":"category","embeddable":true,"href":"http:\/\/folhadosudeste.com\/site\/index.php?rest_route=%2Fwp%2Fv2%2Fcategories&post=28182"},{"taxonomy":"post_tag","embeddable":true,"href":"http:\/\/folhadosudeste.com\/site\/index.php?rest_route=%2Fwp%2Fv2%2Ftags&post=28182"}],"curies":[{"name":"wp","href":"https:\/\/api.w.org\/{rel}","templated":true}]}}