{"id":28194,"date":"2016-11-18T11:18:23","date_gmt":"2016-11-18T11:18:23","guid":{"rendered":"http:\/\/folhadosudeste.com\/site\/?p=28194"},"modified":"2016-11-18T11:18:23","modified_gmt":"2016-11-18T11:18:23","slug":"principais-modificacoes-no-transito-com-a-implantacao-de-semaforos","status":"publish","type":"post","link":"http:\/\/folhadosudeste.com\/site\/?p=28194","title":{"rendered":"PRINCIPAIS MODIFICA\u00c7\u00d5ES NO TRANSITO COM A IMPLANTA\u00c7\u00c3O DE SEM\u00c1FOROS"},"content":{"rendered":"<p><a href=\"http:\/\/folhadosudeste.com\/site\/wp-content\/uploads\/2016\/11\/DSC_0992.jpg\"><img loading=\"lazy\" decoding=\"async\" class=\"aligncenter wp-image-28195 size-full\" src=\"http:\/\/folhadosudeste.com\/site\/wp-content\/uploads\/2016\/11\/DSC_0992.jpg\" alt=\"dsc_0992\" width=\"1000\" height=\"662\" srcset=\"http:\/\/folhadosudeste.com\/site\/wp-content\/uploads\/2016\/11\/DSC_0992.jpg 1000w, http:\/\/folhadosudeste.com\/site\/wp-content\/uploads\/2016\/11\/DSC_0992-300x198.jpg 300w\" sizes=\"auto, (max-width: 1000px) 100vw, 1000px\" \/><\/a><\/p>\n<p><strong>1 \u2013 Rodovi\u00e1ria<\/strong><\/p>\n<p>&nbsp;<\/p>\n<p>Para Melhorar o fluxo dos ve\u00edculos e seguran\u00e7a para pedestres todas as convers\u00f5es a esquerda est\u00e3o proibidas:<\/p>\n<p>Os ve\u00edculos que trafegam pela Av. Constantino Pinto sentido Barra dever\u00e3o seguir pela direita na Av. Dr. Passos ou seguir em frente sentido Av. Maestro Sans\u00e3o; ser\u00e1 proibida a convers\u00e3o pela esquerda.<\/p>\n<p>Quem circula pela Av. Dr. Passos sentido Barra\/rodovi\u00e1ria ou Centro dever\u00e1 seguir reto ou virar a direita para a Av. Constantino Pinto.<\/p>\n<p>A manobra a esquerda ser\u00e1 proibida para a Av. Maestro Sans\u00e3o, os ve\u00edculos podem seguir para Av. J.K. e seguirem para a rotat\u00f3ria da rodovi\u00e1ria.<\/p>\n<p>Quem chega \u00e0 Av. Dr. Passos pela Av. J.K. dever\u00e1 seguir em frente sentido Barra ou a direita para a Av. Maestro Sans\u00e3o; a convers\u00e3o a esquerda \u00e9 proibida, para a Av. Constantino Pinto, portanto quem circula pela Av. J.K. e deseja chegar a Av. Constantino Pinto, este dever\u00e1 utilizar a rotat\u00f3ria da ponte da rodovi\u00e1ria.<\/p>\n<p>&nbsp;<\/p>\n<p><strong>2 &#8211; Avenida Constantino Pinto \/ Rua Get\u00falio Vargas \/ Rua Presidente Arthur Bernardes<\/strong><\/p>\n<p>Nesta interse\u00e7\u00e3o as mudan\u00e7as foram m\u00ednimas, na Av. Constantino Pinto, sentido a rua Santa Rita, \u00e9 proibido convergir \u00e0 esquerda na ratat\u00f3ria.<\/p>\n<p>&nbsp;<\/p>\n<p><strong>3 &#8211; Ponte da Casa de Sa\u00fade<\/strong><\/p>\n<p>Para Melhorar o fluxo dos ve\u00edculos e seguran\u00e7a para pedestres todas as convers\u00f5es a esquerda est\u00e3o proibidas:<\/p>\n<p>Av. J.K sentido Centro-Barra ser\u00e1 permitido seguir em frente e virar \u00e0 direita em dire\u00e7\u00e3o a Casa de Sa\u00fade, entretanto n\u00e3o ser\u00e1 permitido virar \u00e0 esquerda para a Rua Efig\u00eania de Freitas. Portanto, os motoristas que desejam chegar a Pra\u00e7a Cel. Pacheco de Medeiros ( antiga Prefeitura) dever\u00e3o seguir em frente e fazer o retorno pela rotat\u00f3ria do rodovi\u00e1ria. O transporte coletivo urbano que vem do Centro n\u00e3o passar\u00e1 mais pela Pra\u00e7a Cel. Pacheco de Medeiros, seguir\u00e1 pela Av. J.K.<\/p>\n<p>Os ve\u00edculos que circulam pela Av. J.K.\u00a0 sentido Barra-Centro devem seguir em frente ou virar \u00e0 direita pela rua Efig\u00eania de Freitas; ser\u00e1 proibido virar \u00e0 esquerda para a ponte da Casa de Sa\u00fade. Os ve\u00edculos que saem da ponte da Casa de Sa\u00fade devem seguir para rua Efig\u00eania de Freitas, ou virar \u00e0 direita na Av. J.K. sentido Centro Administrativo, sendo proibido virar \u00e0 esquerda na Av. J.K.<\/p>\n<p>Quem circula pela rua Efig\u00eania de Freitas no sentido Pra\u00e7a Cel. Pacheco de Medeiros &#8211; Av. J.K. devem seguir em frente para ponte da Casa de Sa\u00fade ou virar \u00e0 direita na Av. J.K.\u00a0 sendo proibido virar \u00e0 esquerda na Av. J.K.<\/p>\n<p>&nbsp;<\/p>\n<p><strong>4 &#8211; Rua Cel. Domiciano ( Pra\u00e7a Cel. Pacheco de Medeiros ( em frente posto)<\/strong><\/p>\n<p>O sem\u00e1foro foi instalado para regular o fluxo de pedestre e garantir seguran\u00e7a para os mesmos.<\/p>\n<p>&nbsp;<\/p>\n<p><strong>5 &#8211; Pra\u00e7a Cel. Pacheco de Medeiros \/ Rua Bar\u00e3o do Monte Alto\/ Artur Bernardes<\/strong><\/p>\n<p>Sem altera\u00e7\u00f5es de circula\u00e7\u00e3o de ve\u00edculos e pedestres.<\/p>\n<p>Pra\u00e7a Cel. Pacheco de Medeiros (antiga rotat\u00f3ria)<\/p>\n<p>A rotat\u00f3ria foi extinta para facilitar o fluxo de ve\u00edculos, portanto na Pra\u00e7a Cel. Pacheco de Medeiros, em frente a banca de jornal, passou a sem m\u00e3o \u00fanica sentido Centro ou Barra.<\/p>\n<p>&nbsp;<\/p>\n<p><strong>6 &#8211; Rua Cel. Marciano Rodrigues \/ Rua Jo\u00e3o Cris\u00f3stomo<\/strong><\/p>\n<p>Os ve\u00edculos que circulam pela Rua Cel. Marciano Rodrigues no sentido Pra\u00e7a do Ros\u00e1rio, devem seguir em frente ou virar a direita para a rua Jo\u00e3o Crisostomo. Os ve\u00edculos que saem da Av. Comendador Freitas, passando pela Rua Jo\u00e3o Cris\u00f3stomo, dever\u00e1 seguir pela rua Itamuri ou Rua Edmundo Germano,\u00a0 uma vez que esta interse\u00e7\u00e3o est\u00e1 proibido o sentido a rua Cel. Marciano Rodrigues. A Rua Edmundo Germano ter\u00e1 seu sentido de dire\u00e7\u00e3o invertido.<\/p>\n<p>&nbsp;<\/p>\n<p><strong>7 &#8211; Rua Osvaldo Cruz \/ Benedito Valadares<\/strong><\/p>\n<p>N\u00e3o haver\u00e1 modifica\u00e7\u00e3o de circula\u00e7\u00e3o de ve\u00edculos e pedestres<\/p>\n<p>&nbsp;<\/p>\n<p><strong>8 &#8211; Rua Cel. Domiciano \/Rua Santa Rita \/ Av. Constantino Pinto<\/strong><\/p>\n<p>N\u00e3o haver\u00e1 modifica\u00e7\u00e3o de circula\u00e7\u00e3o de ve\u00edculos e pedestres, foi extinta apenas a rotat\u00f3ria.<\/p>\n","protected":false},"excerpt":{"rendered":"<p>1 \u2013 Rodovi\u00e1ria &nbsp; Para Melhorar o fluxo dos ve\u00edculos e seguran\u00e7a para pedestres todas as convers\u00f5es a esquerda est\u00e3o proibidas: Os ve\u00edculos que trafegam pela Av. Constantino Pinto sentido Barra dever\u00e3o seguir pela direita na Av. Dr. Passos ou seguir em frente sentido Av. Maestro Sans\u00e3o; ser\u00e1 proibida a convers\u00e3o pela esquerda. Quem circula [&hellip;]<\/p>\n","protected":false},"author":6,"featured_media":28195,"comment_status":"open","ping_status":"closed","sticky":false,"template":"","format":"standard","meta":{"_joinchat":[],"footnotes":""},"categories":[1],"tags":[],"class_list":["post-28194","post","type-post","status-publish","format-standard","has-post-thumbnail","hentry","category-sem-categoria"],"_links":{"self":[{"href":"http:\/\/folhadosudeste.com\/site\/index.php?rest_route=\/wp\/v2\/posts\/28194","targetHints":{"allow":["GET"]}}],"collection":[{"href":"http:\/\/folhadosudeste.com\/site\/index.php?rest_route=\/wp\/v2\/posts"}],"about":[{"href":"http:\/\/folhadosudeste.com\/site\/index.php?rest_route=\/wp\/v2\/types\/post"}],"author":[{"embeddable":true,"href":"http:\/\/folhadosudeste.com\/site\/index.php?rest_route=\/wp\/v2\/users\/6"}],"replies":[{"embeddable":true,"href":"http:\/\/folhadosudeste.com\/site\/index.php?rest_route=%2Fwp%2Fv2%2Fcomments&post=28194"}],"version-history":[{"count":1,"href":"http:\/\/folhadosudeste.com\/site\/index.php?rest_route=\/wp\/v2\/posts\/28194\/revisions"}],"predecessor-version":[{"id":28196,"href":"http:\/\/folhadosudeste.com\/site\/index.php?rest_route=\/wp\/v2\/posts\/28194\/revisions\/28196"}],"wp:featuredmedia":[{"embeddable":true,"href":"http:\/\/folhadosudeste.com\/site\/index.php?rest_route=\/wp\/v2\/media\/28195"}],"wp:attachment":[{"href":"http:\/\/folhadosudeste.com\/site\/index.php?rest_route=%2Fwp%2Fv2%2Fmedia&parent=28194"}],"wp:term":[{"taxonomy":"category","embeddable":true,"href":"http:\/\/folhadosudeste.com\/site\/index.php?rest_route=%2Fwp%2Fv2%2Fcategories&post=28194"},{"taxonomy":"post_tag","embeddable":true,"href":"http:\/\/folhadosudeste.com\/site\/index.php?rest_route=%2Fwp%2Fv2%2Ftags&post=28194"}],"curies":[{"name":"wp","href":"https:\/\/api.w.org\/{rel}","templated":true}]}}