{"id":28365,"date":"2016-11-25T11:29:44","date_gmt":"2016-11-25T11:29:44","guid":{"rendered":"http:\/\/folhadosudeste.com\/site\/?p=28365"},"modified":"2016-11-25T15:19:22","modified_gmt":"2016-11-25T15:19:22","slug":"saboaria-gabriela-estevanin-e-inaugurada-em-muriae","status":"publish","type":"post","link":"http:\/\/folhadosudeste.com\/site\/?p=28365","title":{"rendered":"Saboaria Gabriela Estevanin \u00e9 inaugurada em Muria\u00e9"},"content":{"rendered":"<p><a href=\"http:\/\/folhadosudeste.com\/site\/wp-content\/uploads\/2016\/11\/MAIOR19.jpg\"><img loading=\"lazy\" decoding=\"async\" class=\"aligncenter wp-image-28366 size-full\" src=\"http:\/\/folhadosudeste.com\/site\/wp-content\/uploads\/2016\/11\/MAIOR19.jpg\" alt=\"maior\" width=\"800\" height=\"530\" srcset=\"http:\/\/folhadosudeste.com\/site\/wp-content\/uploads\/2016\/11\/MAIOR19.jpg 800w, http:\/\/folhadosudeste.com\/site\/wp-content\/uploads\/2016\/11\/MAIOR19-300x198.jpg 300w\" sizes=\"auto, (max-width: 800px) 100vw, 800px\" \/><\/a><\/p>\n<p style=\"text-align: justify;\">A Saboaria Gabriela Estevanin foi inaugurada na \u00faltima segunda (21\/11) em Muria\u00e9. A Saboaria Gabriela Estevanin est\u00e1 pronta para ser a grande novidade do ano no mercado muriaeense. Com grande alegria e satisfa\u00e7\u00e3o, a designer de sabonetes Gabriela Estevanin recebeu seus clientes, amigos e familiares na solenidade oficial de inaugura\u00e7\u00e3o e apresentou o espa\u00e7o, pronto a oferecer conforto, comodidade e um atendimento diferenciado aos consumidores. A saboaria trabalha com os mais variados tipos de sabonetes artesanais: sabonetes em barra; sabonetes l\u00edquidos; difusor de ambientes; \u00e1gua de len\u00e7ol; sais de banho; esfoliantes artesanais; kits masculinos para barbear; sabonetes e produtos personalizados. Com o Natal se aproximando, as pessoas j\u00e1 t\u00eam o lugar certo para procurar aquele presente especial e com pre\u00e7os surpreendentes e promocionais.<\/p>\n<p style=\"text-align: justify;\">Ana Augusta de Paula Oliveira Mariquito, moradora do Centro, j\u00e1 era cliente de Gabriela Estevanin, comprando os produtos que ela comercializava. \u201c\u00c9 tudo muito cheiroso e recomendo todos para conhecerem, porque tem muitas novidades. Tem muito tempo que ela trabalha com esses produtos e garanto que hidrata a pele e nos deixa mais novas e bonitas. Tudo dela \u00e9 muito criativo e perfeito\u201d, elogia.<\/p>\n<p style=\"text-align: justify;\">Marcelino Soares Belga lembra que Gabriela Estevanin vendia os produtos no sal\u00e3o de sua sogra Jeane. Agora com a loja, ele avalia como uma grande novidade para nossa cidade. \u201cMuria\u00e9 precisava realmente de um ambiente agrad\u00e1vel. Os clientes podem encontrar lo\u00e7\u00e3o p\u00f3s barba, sabonetes, o kit para homens \u00e9 sensacional. O melhor de tudo s\u00e3o os pre\u00e7os, bem acess\u00edveis a todos\u201d, avalia.<\/p>\n<p style=\"text-align: justify;\">Para Zuleica Lopes de Oliveira que comprou pela primeira vez os produtos de Gabriela, disse que a loja ficou muito bonita e bem decorada, com produtos maravilhosos. \u201cN\u00e3o conhecia, mas j\u00e1 estou levando para experimentar. Est\u00e1 muito bom, muito bem montado. Acho que Muria\u00e9 precisava de algo mais natural e tem tudo para ser um sucesso. Os pre\u00e7os s\u00e3o \u00f3timos, tem produtos masculinos, femininos e infantis, enfeites para banheiro, e j\u00e1 \u00e9 um sucesso. A cidade merece e n\u00f3s tamb\u00e9m merecemos esses produtos artesanais\u201d, completa.<\/p>\n<p><img decoding=\"async\" class=\"ngg_displayed_gallery mceItem\" src=\"http:\/\/folhadosudeste.com\/site\/index.php\/nextgen-attach_to_post\/preview\/id--28550\" alt=\"\" \/><\/p>\n<p>&nbsp;<\/p>\n","protected":false},"excerpt":{"rendered":"<p>A Saboaria Gabriela Estevanin foi inaugurada na \u00faltima segunda (21\/11) em Muria\u00e9. A Saboaria Gabriela Estevanin est\u00e1 pronta para ser a grande novidade do ano no mercado muriaeense. Com grande alegria e satisfa\u00e7\u00e3o, a designer de sabonetes Gabriela Estevanin recebeu seus clientes, amigos e familiares na solenidade oficial de inaugura\u00e7\u00e3o e apresentou o espa\u00e7o, pronto [&hellip;]<\/p>\n","protected":false},"author":6,"featured_media":28366,"comment_status":"open","ping_status":"closed","sticky":false,"template":"","format":"standard","meta":{"_joinchat":[],"footnotes":""},"categories":[1],"tags":[],"class_list":["post-28365","post","type-post","status-publish","format-standard","has-post-thumbnail","hentry","category-sem-categoria"],"_links":{"self":[{"href":"http:\/\/folhadosudeste.com\/site\/index.php?rest_route=\/wp\/v2\/posts\/28365","targetHints":{"allow":["GET"]}}],"collection":[{"href":"http:\/\/folhadosudeste.com\/site\/index.php?rest_route=\/wp\/v2\/posts"}],"about":[{"href":"http:\/\/folhadosudeste.com\/site\/index.php?rest_route=\/wp\/v2\/types\/post"}],"author":[{"embeddable":true,"href":"http:\/\/folhadosudeste.com\/site\/index.php?rest_route=\/wp\/v2\/users\/6"}],"replies":[{"embeddable":true,"href":"http:\/\/folhadosudeste.com\/site\/index.php?rest_route=%2Fwp%2Fv2%2Fcomments&post=28365"}],"version-history":[{"count":4,"href":"http:\/\/folhadosudeste.com\/site\/index.php?rest_route=\/wp\/v2\/posts\/28365\/revisions"}],"predecessor-version":[{"id":28967,"href":"http:\/\/folhadosudeste.com\/site\/index.php?rest_route=\/wp\/v2\/posts\/28365\/revisions\/28967"}],"wp:featuredmedia":[{"embeddable":true,"href":"http:\/\/folhadosudeste.com\/site\/index.php?rest_route=\/wp\/v2\/media\/28366"}],"wp:attachment":[{"href":"http:\/\/folhadosudeste.com\/site\/index.php?rest_route=%2Fwp%2Fv2%2Fmedia&parent=28365"}],"wp:term":[{"taxonomy":"category","embeddable":true,"href":"http:\/\/folhadosudeste.com\/site\/index.php?rest_route=%2Fwp%2Fv2%2Fcategories&post=28365"},{"taxonomy":"post_tag","embeddable":true,"href":"http:\/\/folhadosudeste.com\/site\/index.php?rest_route=%2Fwp%2Fv2%2Ftags&post=28365"}],"curies":[{"name":"wp","href":"https:\/\/api.w.org\/{rel}","templated":true}]}}