{"id":28797,"date":"2016-11-25T13:34:49","date_gmt":"2016-11-25T13:34:49","guid":{"rendered":"http:\/\/folhadosudeste.com\/site\/?p=28797"},"modified":"2016-11-25T13:34:49","modified_gmt":"2016-11-25T13:34:49","slug":"sergio-bebiano-ministra-palestra-valorizacao-profissional-x-excelencia-no-atendimento-na-unifaminas","status":"publish","type":"post","link":"http:\/\/folhadosudeste.com\/site\/?p=28797","title":{"rendered":"S\u00e9rgio Bebiano ministra palestra \u2018Valoriza\u00e7\u00e3o Profissional x Excel\u00eancia no Atendimento na UNIFAMINAS"},"content":{"rendered":"<p style=\"text-align: justify;\"><a href=\"http:\/\/folhadosudeste.com\/site\/wp-content\/uploads\/2016\/11\/PALESTRA.jpg\"><img loading=\"lazy\" decoding=\"async\" class=\"aligncenter size-full wp-image-28798\" src=\"http:\/\/folhadosudeste.com\/site\/wp-content\/uploads\/2016\/11\/PALESTRA.jpg\" alt=\"palestra\" width=\"620\" height=\"286\" srcset=\"http:\/\/folhadosudeste.com\/site\/wp-content\/uploads\/2016\/11\/PALESTRA.jpg 620w, http:\/\/folhadosudeste.com\/site\/wp-content\/uploads\/2016\/11\/PALESTRA-300x138.jpg 300w, http:\/\/folhadosudeste.com\/site\/wp-content\/uploads\/2016\/11\/PALESTRA-272x125.jpg 272w\" sizes=\"auto, (max-width: 620px) 100vw, 620px\" \/><\/a><\/p>\n<p style=\"text-align: justify;\">Foi realizada, na noite da \u00faltima quinta (24\/11), no Sal\u00e3o Nobre da UNIFAMINAS em Muria\u00e9, a palestra \u2018Valoriza\u00e7\u00e3o Profissional x Excel\u00eancia no Atendimento\u2019, ministrada por S\u00e9rgio Dias Bebiano, profissional de contabilidade, consultor tribut\u00e1rio, entre outros numerosos cargos exercidos atualmente. Essa foi uma realiza\u00e7\u00e3o do Conselho Regional de Contabilidade de Minas Gerais,(CRCMG) em parceria com a Delegacia Seccional de Muria\u00e9, a empresa LMD Sistemas e a UNIFAMINAS.<\/p>\n<p style=\"text-align: justify;\">Segundo Luis Dagnoni, delegado da Delegacia Seccional CRCMG de Muria\u00e9 e Regi\u00e3o (respons\u00e1vel por v\u00e1rios munic\u00edpios lim\u00edtrofes atendendo os profissionais da \u00e1rea), a fun\u00e7\u00e3o outorgada \u00e9 a de ser um bra\u00e7o do Conselho de Belo Horizonte na cidade, levando em conta que o jovem, prestes a formar, \u00e0s vezes vai para o mercado de trabalho sem saber como agir e proceder, pelo o fato de nunca ter tido emprego. \u00c9 Tamb\u00e9m uma oportunidade de conhecer alguns procedimentos que s\u00e3o fundamentais para que o estudante se torne um bom profissional para atender as necessidades das empresas e que precisar\u00e3o ainda mais daqui pra frente. <em>\u201cValeu a pena este encontro, porque observamos que ficam para tr\u00e1s aqueles que n\u00e3o tiverem atualiza\u00e7\u00f5es, pois ter\u00e3o a responsabilidade de assinatura dos balan\u00e7os das grandes empresas ou mesmo de seus escrit\u00f3rios de consultoria e auditoria. \u00c9 tamb\u00e9m uma oportunidade de demonstrar o respeito que o Conselho tem com os nossos profissionais, levando cursos e palestras fundamentais para o enriquecimento de cada um. Temos que dar for\u00e7as para que o Sindicato possa realizar o trabalho de defesa da classe, j\u00e1 que hoje em dia ouvimos muitas reclama\u00e7\u00f5es dos profissionais, mas ningu\u00e9m apresenta documentos ou a materialidade delas, ficando apenas na palavra. Temos que tomar decis\u00f5es, ver o que est\u00e1 certo e errado, assumindo a responsabilidade de tentar ajudar a corrigir, ao inv\u00e9s vez de criticar\u201d,<\/em> explica.<\/p>\n<p style=\"text-align: justify;\">Durante o evento, foram entregues duas carteirinhas do Conselho para dois novos jovens contadores. Luis Dagnoni avaliou como gratificante a oportunidade de fazer essa entrega e ver a emo\u00e7\u00e3o deles e o orgulho dos familiares, por terem escolhido uma profiss\u00e3o t\u00e3o nobre, embora ainda pouco valorizada. Lucas e F\u00e1bio receberam a carteirinha, j\u00e1 pagaram a anuidade do Conselho, s\u00e3o habilitados e est\u00e3o com vontade de trabalhar bem em benef\u00edcio \u00e0s empresas para as quais prestarem servi\u00e7os. O muriaeense Lucas Freitas Tavares, formou no m\u00eas de agosto de 2016, j\u00e1 trabalha h\u00e1 3 meses na \u00e1rea, mostrou-se muito feliz com a conquista e destacou o apoio que recebeu da fam\u00edlia. <em>\u201c\u00c9 um momento muito importante, de reconhecimento, ao final dessa jornada, que representa nosso m\u00e9rito, com muita satisfa\u00e7\u00e3o. Fortalecemos tamb\u00e9m os novos colegas que em breve estar\u00e3o no mercado de trabalho, pois muitas vezes desacreditamos, mas quando vemos um amigo dando certo profissionalmente \u00e9 muito bom e animador\u201d,<\/em> reflete.<\/p>\n<p style=\"text-align: justify;\">Aline Reis Amim, professora do curso de Ci\u00eancias Cont\u00e1beis, com forma\u00e7\u00e3o em Administra\u00e7\u00e3o e t\u00e9cnica em Contabilidade, avalia que a palestra foi importante para abrir um canal de comunica\u00e7\u00e3o com os alunos que est\u00e3o formando e seguindo para o mercado de trabalho, podendo se aproximar do conselho de classe. <em>\u201cNovas oportunidades surgir\u00e3o para eles estarem antenados, atualizados e se inserirem. Isso \u00e9 muito valioso para eles. A UNIFAMINAS sempre d\u00e1 oportunidade como essas e elas fazem o diferencial para os alunos\u201d, <\/em>completa.<\/p>\n<p style=\"text-align: justify;\">O palestrante S\u00e9rgio Dias Bebiano, de Divin\u00f3polis MG, agradeceu o amigo Dagnoni, que considera um excelente profissional e de muito respeito, pelo convite. Ele mostrou-se feliz e surpreso ao comparar a evolu\u00e7\u00e3o da cidade de Muria\u00e9 com rela\u00e7\u00e3o \u00e0 sua visita anterior e j\u00e1 adiantou que espera voltar em breve devido \u00e0 grande hospitalidade. Segundo ele, \u00e9 uma honra e prazer ministrar em uma cidade onde as pessoas lhe acolhem t\u00e3o bem. <em>\u201cO objetivo \u00e9 preparar os alunos para os desafios da profiss\u00e3o de Ci\u00eancias Cont\u00e1beis e o atendimento aos clientes, mas tamb\u00e9m auxiliar os que j\u00e1 executam as fun\u00e7\u00f5es. Tentei promover uma palestra de impacto, iniciando de forma negativa propositalmente, causando um mal estar no p\u00fablico, para que a pessoa possa refletir se est\u00e1 agindo assim. A partir da\u00ed, busco mostrar como ele deve proceder e mostrando o errado primeiro fica mais assimil\u00e1vel e gravado na mem\u00f3ria. Leva-se em conta a pessoa que estar\u00e1 procurando emprego, numa entrevista com o empregador ou mesmo a postura que assume com os clientes e colegas de trabalho. Falei tamb\u00e9m do envolvimento na quest\u00e3o familiar e com a sociedade, a escola, o transito, enfim, destacando que devemos trabalhar sempre com gentileza em rela\u00e7\u00e3o \u00e0s pessoas\u201d,<\/em> acrescenta.<\/p>\n<p style=\"text-align: justify;\">Luis Dagnoni agradeceu o Conselho Regional pela disponibilidade, ressaltando o valor da parceria para promo\u00e7\u00e3o do evento, com a UNIFAMINAS, que cedeu o espa\u00e7o, e o coordenador do curso de Ci\u00eancias Cont\u00e1beis, Jorge, que abra\u00e7ou a ideia desde o in\u00edcio. Para o ano que vem, ele deseja a abertura de novas portas no que se refere a cursos presenciais validados para a educa\u00e7\u00e3o continuada, pois o aprendizado tem de ser constante. O evento tamb\u00e9m contou com a presen\u00e7a de Marco Ant\u00f4nio, presidente do Sindicato dos Contabilistas de Muria\u00e9, esfor\u00e7ado companheiro de longa data de Luis, que, junto a outros contadores amigos, prestigiaram a palestra.<\/p>\n<p style=\"text-align: justify;\"><img decoding=\"async\" class=\"ngg_displayed_gallery mceItem\" src=\"http:\/\/folhadosudeste.com\/site\/index.php\/nextgen-attach_to_post\/preview\/id--28965\" alt=\"\" \/><\/p>\n","protected":false},"excerpt":{"rendered":"<p>Foi realizada, na noite da \u00faltima quinta (24\/11), no Sal\u00e3o Nobre da UNIFAMINAS em Muria\u00e9, a palestra \u2018Valoriza\u00e7\u00e3o Profissional x Excel\u00eancia no Atendimento\u2019, ministrada por S\u00e9rgio Dias Bebiano, profissional de contabilidade, consultor tribut\u00e1rio, entre outros numerosos cargos exercidos atualmente. Essa foi uma realiza\u00e7\u00e3o do Conselho Regional de Contabilidade de Minas Gerais,(CRCMG) em parceria com a [&hellip;]<\/p>\n","protected":false},"author":2,"featured_media":28798,"comment_status":"open","ping_status":"closed","sticky":false,"template":"","format":"standard","meta":{"_joinchat":[],"footnotes":""},"categories":[1],"tags":[],"class_list":["post-28797","post","type-post","status-publish","format-standard","has-post-thumbnail","hentry","category-sem-categoria"],"_links":{"self":[{"href":"http:\/\/folhadosudeste.com\/site\/index.php?rest_route=\/wp\/v2\/posts\/28797","targetHints":{"allow":["GET"]}}],"collection":[{"href":"http:\/\/folhadosudeste.com\/site\/index.php?rest_route=\/wp\/v2\/posts"}],"about":[{"href":"http:\/\/folhadosudeste.com\/site\/index.php?rest_route=\/wp\/v2\/types\/post"}],"author":[{"embeddable":true,"href":"http:\/\/folhadosudeste.com\/site\/index.php?rest_route=\/wp\/v2\/users\/2"}],"replies":[{"embeddable":true,"href":"http:\/\/folhadosudeste.com\/site\/index.php?rest_route=%2Fwp%2Fv2%2Fcomments&post=28797"}],"version-history":[{"count":1,"href":"http:\/\/folhadosudeste.com\/site\/index.php?rest_route=\/wp\/v2\/posts\/28797\/revisions"}],"predecessor-version":[{"id":28966,"href":"http:\/\/folhadosudeste.com\/site\/index.php?rest_route=\/wp\/v2\/posts\/28797\/revisions\/28966"}],"wp:featuredmedia":[{"embeddable":true,"href":"http:\/\/folhadosudeste.com\/site\/index.php?rest_route=\/wp\/v2\/media\/28798"}],"wp:attachment":[{"href":"http:\/\/folhadosudeste.com\/site\/index.php?rest_route=%2Fwp%2Fv2%2Fmedia&parent=28797"}],"wp:term":[{"taxonomy":"category","embeddable":true,"href":"http:\/\/folhadosudeste.com\/site\/index.php?rest_route=%2Fwp%2Fv2%2Fcategories&post=28797"},{"taxonomy":"post_tag","embeddable":true,"href":"http:\/\/folhadosudeste.com\/site\/index.php?rest_route=%2Fwp%2Fv2%2Ftags&post=28797"}],"curies":[{"name":"wp","href":"https:\/\/api.w.org\/{rel}","templated":true}]}}