{"id":28999,"date":"2016-12-02T11:40:03","date_gmt":"2016-12-02T11:40:03","guid":{"rendered":"http:\/\/folhadosudeste.com\/site\/?p=28999"},"modified":"2016-12-02T11:40:03","modified_gmt":"2016-12-02T11:40:03","slug":"formatura-dos-alunos-do-3o-ano-da-escola-sao-paulo","status":"publish","type":"post","link":"http:\/\/folhadosudeste.com\/site\/?p=28999","title":{"rendered":"Formatura dos alunos do 3\u00ba ano da Escola S\u00e3o Paulo"},"content":{"rendered":"<p><a href=\"http:\/\/folhadosudeste.com\/site\/wp-content\/uploads\/2016\/12\/MAIOR1.jpg\"><img loading=\"lazy\" decoding=\"async\" class=\"aligncenter wp-image-29000 size-full\" src=\"http:\/\/folhadosudeste.com\/site\/wp-content\/uploads\/2016\/12\/MAIOR1.jpg\" alt=\"maior\" width=\"800\" height=\"533\" srcset=\"http:\/\/folhadosudeste.com\/site\/wp-content\/uploads\/2016\/12\/MAIOR1.jpg 800w, http:\/\/folhadosudeste.com\/site\/wp-content\/uploads\/2016\/12\/MAIOR1-300x199.jpg 300w\" sizes=\"auto, (max-width: 800px) 100vw, 800px\" \/><\/a><\/p>\n<p>Foi realizada, na \u00faltima sexta-feira (25), na AABB Muria\u00e9, a Solenidade de Cola\u00e7\u00e3o de Grau dos alunos do 3\u00ba ano do Ensino M\u00e9dio da Escola S\u00e3o Paulo. O evento contou com a Felicit\u00e1 Buffet e Decora\u00e7\u00f5es, de Patroc\u00ednio do Muria\u00e9. Os formandos compareceram para esse momento inesquec\u00edvel; acompanhados de seus pais, familiares e amigos, que lhes parabenizaram e felicitaram, desejando sucesso no prosseguimento de sua jornada.<\/p>\n<p>A mesa foi composta pelos profissionais da escola: diretor Prof\u00ba Esp. Jos\u00e9 Nicodemos Couto, Alires Marchioro da Costa (secret\u00e1ria), Jaqueline Maria Ferreira Rodrigues (tesoureira), M\u00e1rcia Maria Murta Castro e Carvalho (supervisora), S\u00f4nia Maria de Assis (orientadora educacional) e Glaucimar Corr\u00eaa de Oliveira (orientador de disciplina). O professor Rafael Fernandes de Mello foi escolhido paraninfo da turma, enquanto L\u00eddia Regina Pimentel Tureta Amaro foi convidada para representar os patronos. Al\u00e9m deles, foram mencionados os demais professores que marcaram este ano para os alunos: Al\u00e9cio Faria Monteiro, Almir Rodrigo Bissiatti, Ana L\u00facia Dutra Rodrigues, Carlos Ant\u00f4nio Baldanza, Felipe Perdig\u00e3o Barbosa, J\u00e1rio Heleno de Souza, Maria Esperan\u00e7a Amat Dutra e Regina Celi Duvanel Ferreira, Magaly Rodrigues Lima Cond\u00e9, Patr\u00edcia Santos Costa.<\/p>\n<p>A cerim\u00f4nia foi marcada por discursos com mensagens inesquec\u00edveis, al\u00e9m de cumprimentos, muita emo\u00e7\u00e3o quando entoado o Hino Nacional Brasileiro. Prosseguindo, foi feita a chamada nominal dos formandos para receberem seus certificados de conclus\u00e3o de curso. Logo a seguir, foram feitas as homenagens: A Deus (aluna Isabella Pereira), aos familiares (aluna Anna Martha), aos professores (alunos R\u00f4mulo Rocha, Felipe Martins e Ot\u00e1vio Augusto), aos funcion\u00e1rios (aluna Luene Gomes) e aos pais ausentes (aluna Carmen Freire). Tamb\u00e9m foi feita a homenagem ao paraninfo da turma. O orador foi o aluno Guilherme Dias.<\/p>\n<p>Rafael Mello, professor do Ensino Fundamental e M\u00e9dio, nas disciplinas de Portugu\u00eas, Reda\u00e7\u00e3o, Literatura e Filosofia, disse que \u00e9 a primeira vez que foi escolhido paraninfo. <em>\u201cFoi uma felicidade imensa, um momento muito gratificante e uma emo\u00e7\u00e3o enorme. O professor \u00e9 tamb\u00e9m um educador, amigo e orientador, portanto, uma fun\u00e7\u00e3o muito nobre\u201d, <\/em>analisa.<\/p>\n<p>O orador Guilherme Gon\u00e7alves Dias refor\u00e7a que toda formatura representa um momento importante e de muita emo\u00e7\u00e3o, a finaliza\u00e7\u00e3o de uma jornada de estudos e recome\u00e7o de uma nova etapa. <em>\u201cOlhamos para o passado, com sensa\u00e7\u00e3o de que j\u00e1 passamos por tudo, e para o futuro com aquela sensa\u00e7\u00e3o de apreens\u00e3o, porque ser\u00e1 desconhecido. Passar pelo Ensino M\u00e9dio na ESP \u00e9 de extrema import\u00e2ncia, porque aqui s\u00f3 se forma alunos competentes e pessoas de bem. Al\u00e9m dos professores, temos o acolhimento, a sensibilidade e isso \u00e9 fundamental. N\u00e3o me arrependo nem um pouco de ter escolhido essa Institui\u00e7\u00e3o de Ensino, porque foram 3 anos que jamais esquecerei na minha vida. Os professores nos ensinam, al\u00e9m do que est\u00e1 na apostila, o que est\u00e1 por vir. E o Nicodemos, al\u00e9m de diretor e educador, sem ele nada disso seria poss\u00edvel. Com toda sua dedica\u00e7\u00e3o e empenho, ele arquitetou tudo isso\u201d,<\/em> avalia.<\/p>\n<p>O Diretor Jos\u00e9 Nicodemos Couto, durante seu discurso, disse que a conclus\u00e3o deste curso \u00e9 a celebra\u00e7\u00e3o de uma conquista e essa cerim\u00f4nia de formatura \u00e9 um dos mais belos momentos da jornada dos estudantes. <em>\u201cCom ela, eles podem compartilhar a alegria com seus entes queridos, assim como expressar seu reconhecimento \u00e0queles que, de alguma forma, fazem parte dessa vit\u00f3ria. A partir de agora, cada um est\u00e1 preparado para al\u00e7ar v\u00f4os cada vez mais altos, onde a realiza\u00e7\u00e3o com certeza estar\u00e1 presente na vida de cada um. Deixamos nossos parab\u00e9ns a todos os formandos!\u201d,<\/em> completa.<\/p>\n<p>Formandos do 3\u00ba ano do Ensino M\u00e9dio da Escola S\u00e3o Paulo, ano de 2016: Anna Martha Knupp e Castro, Carmen Freire Santo, Felipe Martins de Paula, Gabriel Carvalho Chein, Guilherme Gon\u00e7alves Dias, Hugo Giovani Baldanza, Isabella Pereira Raimundo, Jo\u00e3o Ant\u00f4nio Dornelas Machado, L\u00edvia Nery Henriger Pimentel, Luene Gomes Mattosinhos de Carvalho, Ot\u00e1vio Augusto dos Santos Teixeira, R\u00f4mulo Freire Santo, R\u00f4mulo Rocha Pereira, Sarah Fernandes Lima Baia, Vit\u00f3ria Bernardo Tirello Salvato e Yves Stanzani Garcia Reis Louren\u00e7o.<\/p>\n<p><img decoding=\"async\" class=\"ngg_displayed_gallery mceItem\" src=\"http:\/\/folhadosudeste.com\/site\/index.php\/nextgen-attach_to_post\/preview\/id--29057\" alt=\"\" \/><\/p>\n","protected":false},"excerpt":{"rendered":"<p>Foi realizada, na \u00faltima sexta-feira (25), na AABB Muria\u00e9, a Solenidade de Cola\u00e7\u00e3o de Grau dos alunos do 3\u00ba ano do Ensino M\u00e9dio da Escola S\u00e3o Paulo. O evento contou com a Felicit\u00e1 Buffet e Decora\u00e7\u00f5es, de Patroc\u00ednio do Muria\u00e9. Os formandos compareceram para esse momento inesquec\u00edvel; acompanhados de seus pais, familiares e amigos, que [&hellip;]<\/p>\n","protected":false},"author":6,"featured_media":29000,"comment_status":"open","ping_status":"closed","sticky":false,"template":"","format":"standard","meta":{"_joinchat":[],"footnotes":""},"categories":[1],"tags":[],"class_list":["post-28999","post","type-post","status-publish","format-standard","has-post-thumbnail","hentry","category-sem-categoria"],"_links":{"self":[{"href":"http:\/\/folhadosudeste.com\/site\/index.php?rest_route=\/wp\/v2\/posts\/28999","targetHints":{"allow":["GET"]}}],"collection":[{"href":"http:\/\/folhadosudeste.com\/site\/index.php?rest_route=\/wp\/v2\/posts"}],"about":[{"href":"http:\/\/folhadosudeste.com\/site\/index.php?rest_route=\/wp\/v2\/types\/post"}],"author":[{"embeddable":true,"href":"http:\/\/folhadosudeste.com\/site\/index.php?rest_route=\/wp\/v2\/users\/6"}],"replies":[{"embeddable":true,"href":"http:\/\/folhadosudeste.com\/site\/index.php?rest_route=%2Fwp%2Fv2%2Fcomments&post=28999"}],"version-history":[{"count":1,"href":"http:\/\/folhadosudeste.com\/site\/index.php?rest_route=\/wp\/v2\/posts\/28999\/revisions"}],"predecessor-version":[{"id":29058,"href":"http:\/\/folhadosudeste.com\/site\/index.php?rest_route=\/wp\/v2\/posts\/28999\/revisions\/29058"}],"wp:featuredmedia":[{"embeddable":true,"href":"http:\/\/folhadosudeste.com\/site\/index.php?rest_route=\/wp\/v2\/media\/29000"}],"wp:attachment":[{"href":"http:\/\/folhadosudeste.com\/site\/index.php?rest_route=%2Fwp%2Fv2%2Fmedia&parent=28999"}],"wp:term":[{"taxonomy":"category","embeddable":true,"href":"http:\/\/folhadosudeste.com\/site\/index.php?rest_route=%2Fwp%2Fv2%2Fcategories&post=28999"},{"taxonomy":"post_tag","embeddable":true,"href":"http:\/\/folhadosudeste.com\/site\/index.php?rest_route=%2Fwp%2Fv2%2Ftags&post=28999"}],"curies":[{"name":"wp","href":"https:\/\/api.w.org\/{rel}","templated":true}]}}