{"id":29085,"date":"2016-12-02T11:46:54","date_gmt":"2016-12-02T11:46:54","guid":{"rendered":"http:\/\/folhadosudeste.com\/site\/?p=29085"},"modified":"2016-12-02T11:46:54","modified_gmt":"2016-12-02T11:46:54","slug":"1o-forum-da-moda-de-muriae-e-regiao","status":"publish","type":"post","link":"http:\/\/folhadosudeste.com\/site\/?p=29085","title":{"rendered":"1\u00ba F\u00f3rum da Moda de Muria\u00e9 e Regi\u00e3o"},"content":{"rendered":"<p><a href=\"http:\/\/folhadosudeste.com\/site\/wp-content\/uploads\/2016\/12\/MAIOR3.jpg\"><img loading=\"lazy\" decoding=\"async\" class=\"aligncenter wp-image-29086 size-full\" src=\"http:\/\/folhadosudeste.com\/site\/wp-content\/uploads\/2016\/12\/MAIOR3.jpg\" alt=\"maior\" width=\"800\" height=\"530\" srcset=\"http:\/\/folhadosudeste.com\/site\/wp-content\/uploads\/2016\/12\/MAIOR3.jpg 800w, http:\/\/folhadosudeste.com\/site\/wp-content\/uploads\/2016\/12\/MAIOR3-300x198.jpg 300w\" sizes=\"auto, (max-width: 800px) 100vw, 800px\" \/><\/a><\/p>\n<p>Foi realizado, na \u00faltima sexta-feira (25), o 1\u00ba F\u00f3rum da Moda de Muria\u00e9 e Regi\u00e3o, no audit\u00f3rio do CD Moda. O evento come\u00e7ou com a Abertura Oficial, seguido da palestra \u2018Experi\u00eancia de compra e relacionamento\u2019, ministrada por R\u00f3bson Fontenelle. E a \u2018Marketing e Encomendas \/ Correios\u2019, com Claudia Gomes e Fernando Batros.<\/p>\n<p>Carlos M\u00e1gno de Oliveira, presidente do SindModa, explica que esse evento tem uma import\u00e2ncia muito grande, pois \u00e9 o inicio de um novo trabalho \u00e0 frente do Sindicato. Segundo Carlos, puderam come\u00e7ar com uma excelente e motivadora palestra do Rafael, exaltando o lado profissional e o pessoal, o que incentiva bastante para o in\u00edcio de trabalho em 2017 ser muito gratificante. <em>\u201cO ano de 2016 foi marcado pela crise pol\u00edtica e econ\u00f4mica, mas coroado com a cria\u00e7\u00e3o do nosso Sindicato, porque existe uma diferen\u00e7a muito grande com rela\u00e7\u00e3o a ser somente uma delegacia. Isso tem nos proporcionado a chave para trazer palestras e j\u00e1 temos muitas a\u00e7\u00f5es programadas para o pr\u00f3ximo ano. Espero que possa ser motivador para os empres\u00e1rios participarem e sabermos o que \u00e9 necess\u00e1rio para oferecer demanda para o crescimento das empresas\u201d, <\/em>explica.<\/p>\n<p>Rafael Medeiros Filho, empres\u00e1rio no segmento de treinamentos empresariais de alto impacto e comportamentais, explicou que sua palestra teve o objetivo de sensibilizar os empres\u00e1rios para sa\u00edrem da multid\u00e3o, pois a pior coisa que se pode fazer no meio de uma crise \u00e9 trabalhar igual a todo mundo, oferecendo produtos da mesma forma que os outros e n\u00e3o ter diferenciais. <em>\u201cDesse jeito, a pessoa vai viver uma eterna crise. Os empres\u00e1rios puderam ver estrat\u00e9gias e tiveram conselhos preciosos para diferenciar e inovar seus neg\u00f3cios. N\u00e3o d\u00e1 para conduzir uma empresa com a mesma cabe\u00e7a de dois anos atr\u00e1s. O mercado evolui e o empres\u00e1rio tamb\u00e9m tem que evoluir. Essa \u00e9 uma parceria do SindModa e Sebrae, duas institui\u00e7\u00f5es fant\u00e1sticas, para aumentar o crescimento da regi\u00e3o e dos empres\u00e1rios. Agrade\u00e7o pela preocupa\u00e7\u00e3o e zelo que eles t\u00eam pelas empresas\u201d,<\/em> refor\u00e7a.<\/p>\n<p>Galv\u00e3o, analista t\u00e9cnico do Sebrae na regi\u00e3o de Muria\u00e9, encara este como um evento para agregar os profissionais e empres\u00e1rios que trabalham com a moda, na ind\u00fastria do vestu\u00e1rio, no P\u00f3lo da Moda regional. De acordo com ele, atualmente s\u00e3o mais de 400 empresas, que geram mais de 2 mil empregos diretos. Para Galv\u00e3o, de alguma forma isso deve ser trabalhado, n\u00e3o somente pelo Sebrae, mas por todas as entidades de apoio ao desenvolvimento. <em>\u201cRealizamos esse f\u00f3rum com o principal objetivo de inaugurar um novo par\u00e2metro de parcerias institucionais, entre o Sebrae e o SindModa, todas as entidades que trabalham para o desenvolvimento da regi\u00e3o. Foi uma oportunidade de motivar e melhorar a atua\u00e7\u00e3o dos profissionais da \u00e1rea para que tenham um desenvolvimento melhor. Agrade\u00e7o aos participantes desse f\u00f3rum, o primeiro de muitos eventos que ir\u00e3o acontecer\u201d,<\/em> afirma.<\/p>\n<p><img decoding=\"async\" class=\"ngg_displayed_gallery mceItem\" src=\"http:\/\/folhadosudeste.com\/site\/index.php\/nextgen-attach_to_post\/preview\/id--29101\" alt=\"\" \/><\/p>\n","protected":false},"excerpt":{"rendered":"<p>Foi realizado, na \u00faltima sexta-feira (25), o 1\u00ba F\u00f3rum da Moda de Muria\u00e9 e Regi\u00e3o, no audit\u00f3rio do CD Moda. O evento come\u00e7ou com a Abertura Oficial, seguido da palestra \u2018Experi\u00eancia de compra e relacionamento\u2019, ministrada por R\u00f3bson Fontenelle. E a \u2018Marketing e Encomendas \/ Correios\u2019, com Claudia Gomes e Fernando Batros. Carlos M\u00e1gno de [&hellip;]<\/p>\n","protected":false},"author":6,"featured_media":29086,"comment_status":"open","ping_status":"closed","sticky":false,"template":"","format":"standard","meta":{"_joinchat":[],"footnotes":""},"categories":[1],"tags":[],"class_list":["post-29085","post","type-post","status-publish","format-standard","has-post-thumbnail","hentry","category-sem-categoria"],"_links":{"self":[{"href":"http:\/\/folhadosudeste.com\/site\/index.php?rest_route=\/wp\/v2\/posts\/29085","targetHints":{"allow":["GET"]}}],"collection":[{"href":"http:\/\/folhadosudeste.com\/site\/index.php?rest_route=\/wp\/v2\/posts"}],"about":[{"href":"http:\/\/folhadosudeste.com\/site\/index.php?rest_route=\/wp\/v2\/types\/post"}],"author":[{"embeddable":true,"href":"http:\/\/folhadosudeste.com\/site\/index.php?rest_route=\/wp\/v2\/users\/6"}],"replies":[{"embeddable":true,"href":"http:\/\/folhadosudeste.com\/site\/index.php?rest_route=%2Fwp%2Fv2%2Fcomments&post=29085"}],"version-history":[{"count":1,"href":"http:\/\/folhadosudeste.com\/site\/index.php?rest_route=\/wp\/v2\/posts\/29085\/revisions"}],"predecessor-version":[{"id":29102,"href":"http:\/\/folhadosudeste.com\/site\/index.php?rest_route=\/wp\/v2\/posts\/29085\/revisions\/29102"}],"wp:featuredmedia":[{"embeddable":true,"href":"http:\/\/folhadosudeste.com\/site\/index.php?rest_route=\/wp\/v2\/media\/29086"}],"wp:attachment":[{"href":"http:\/\/folhadosudeste.com\/site\/index.php?rest_route=%2Fwp%2Fv2%2Fmedia&parent=29085"}],"wp:term":[{"taxonomy":"category","embeddable":true,"href":"http:\/\/folhadosudeste.com\/site\/index.php?rest_route=%2Fwp%2Fv2%2Fcategories&post=29085"},{"taxonomy":"post_tag","embeddable":true,"href":"http:\/\/folhadosudeste.com\/site\/index.php?rest_route=%2Fwp%2Fv2%2Ftags&post=29085"}],"curies":[{"name":"wp","href":"https:\/\/api.w.org\/{rel}","templated":true}]}}