{"id":29103,"date":"2016-12-02T11:51:18","date_gmt":"2016-12-02T11:51:18","guid":{"rendered":"http:\/\/folhadosudeste.com\/site\/?p=29103"},"modified":"2016-12-02T11:51:18","modified_gmt":"2016-12-02T11:51:18","slug":"muriae-prev-realiza-o-8o-encontro-com-os-aposentados-e-pensionistas-com-palestra-e-prestacao-de-contas","status":"publish","type":"post","link":"http:\/\/folhadosudeste.com\/site\/?p=29103","title":{"rendered":"MURIA\u00c9-PREV realiza o 8\u00ba Encontro com os Aposentados e Pensionistas com Palestra e Presta\u00e7\u00e3o de Contas"},"content":{"rendered":"<p><a href=\"http:\/\/folhadosudeste.com\/site\/wp-content\/uploads\/2016\/12\/MAIOR4.jpg\"><img loading=\"lazy\" decoding=\"async\" class=\"aligncenter wp-image-29104 size-full\" src=\"http:\/\/folhadosudeste.com\/site\/wp-content\/uploads\/2016\/12\/MAIOR4.jpg\" alt=\"maior\" width=\"800\" height=\"261\" srcset=\"http:\/\/folhadosudeste.com\/site\/wp-content\/uploads\/2016\/12\/MAIOR4.jpg 800w, http:\/\/folhadosudeste.com\/site\/wp-content\/uploads\/2016\/12\/MAIOR4-300x97.jpg 300w\" sizes=\"auto, (max-width: 800px) 100vw, 800px\" \/><\/a><\/p>\n<p>Foi realizado no sal\u00e3o de eventos do SESC, na \u00faltima sexta (25\/11), o 8\u00ba Encontro com os Aposentados e Pensionistas do MURIA\u00c9-PREV. O presidente do<\/p>\n<p>MURIA\u00c9-PREV, Ant\u00f4nio Jos\u00e9 agradeceu a presen\u00e7a de todos e em seguida apresentou uma presta\u00e7\u00e3o de contas desde o in\u00edcio de sua primeira gest\u00e3o em 2012. Disse ainda que o n\u00famero de aposentados cresceu muito e o valor pago tamb\u00e9m, mais nem por isso o patrim\u00f4nio do MERIA\u00c9-PREV deixou de crescer. Segundo o presidente Ant\u00f4nio Jos\u00e9 este crescimento se deve \u00e0 colabora\u00e7\u00e3o e empenho de toda a equipe do MURIA\u00c9-PREV entre os servidores que atuam diretamente e os conselhos e comit\u00ea que medem esfor\u00e7os para um atendimento qualificado sempre visando o bem-estar de todos. Que o MURIA\u00c9-PREV est\u00e1 sempre de portas abertas aos servidores aposentados e ativos. O presidente do MURIA\u00c9-PREV agradeceu a parceria com a caixa, a qual foi a patrocinadora do evento. Ant\u00f4nio Jos\u00e9 avalia que a cada ano este encontro \u00e9 mais esperado pelos aposentados e o sucesso deste evento pode ser avaliado pelos aposentados o qual j\u00e1 virou tradi\u00e7\u00e3o.<\/p>\n<p>Em seguida o momento principal do evento que foi apresentada uma palestra pelo Dr. Raphael Barreto Campos<strong>, <\/strong>especialista e membro da Sociedade Brasileira de Cirurgia Pl\u00e1stica. Dr. Raphael falou da import\u00e2ncia dos cuidados com a sa\u00fade e qualidade de vida na terceira idade e abordou tamb\u00e9m sobre a cirurgia pl\u00e1stica na terceira idade e dos cuidados que deve ter nestes procedimentos m\u00e9dicos. Dr. Raphael mostrou que a cirurgia pl\u00e1stica contribui na melhoria da qualidade de vida das pessoas da terceira idade e sua autoestima. <em>\u201cFalou sobre procedimentos cir\u00fargicos e algumas coisas n\u00e3o-cir\u00fargicas, m\u00e9todos que podem ser realizados em consult\u00f3rio e trazem melhoria est\u00e9tica da pessoa, tudo isso aliados a h\u00e1bitos saud\u00e1veis, com certeza a terceira idade ser\u00e1 muito mais saud\u00e1vel e duradoura\u201d, <\/em>afirma.<\/p>\n<p>Segundo Kerma Marini Benini Andrade, gerente geral da Caixa Econ\u00f4mica Federal (CEF) Ag\u00eancia de Muria\u00e9, esse Encontro com Aposentados e Pensionistas oferece a oportunidade de ouvir uma proveitosa palestra e confraternizar, sendo que a Caixa fica muito feliz de celebrar mais um ano de trabalho e parceria, com a confian\u00e7a de sempre e excelentes resultados. <em>\u201cFicamos muito felizes de participar em mais um ano com os dirigentes do MURIA\u00c9-PREV, sua equipe e todos os Servidores P\u00fablicos. A Caixa est\u00e1 sempre presente e apoiando. Nosso trabalho \u00e9 feito diariamente, buscando renova\u00e7\u00e3o de parcerias, com um servi\u00e7o bem prestado e com profissionais capacitados. Sabemos a import\u00e2ncia do MURIA\u00c9-PREV para o munic\u00edpio e essa gest\u00e3o profissional com a Caixa \u00e9 muito importante. Essa uni\u00e3o tem demonstrado ser vitoriosa e esperamos que possa continuar cada vez mais forte e com mais profissionalismo\u201d,<\/em> analisa.<\/p>\n<p>Para Alessandro Rodrigues Campos, presidente do Comit\u00ea de Investimentos do MURIA\u00c9-PREV, o evento \u00e9 muito mais que uma confraterniza\u00e7\u00e3o e comemora\u00e7\u00e3o, \u00e9 tamb\u00e9m uma presta\u00e7\u00e3o de contas do per\u00edodo da gest\u00e3o, com a presen\u00e7a do p\u00fablico, conforme objetivo maior do \u00f3rg\u00e3o, que \u00e9 dar aten\u00e7\u00e3o especial aos aposentados. De acordo com ele, Ant\u00f4nio Jos\u00e9 est\u00e1 na sua segunda gest\u00e3o e, nas qualidades de seu cargo, garante que o \u00f3rg\u00e3o tornou-se o maior Fundo de Previd\u00eancia da Zona da Mata Mineira, ocupando o primeiro lugar e cumprindo todas as metas exigidas. <em>\u201cEstamos com um patrim\u00f4nio l\u00edquido de aproximadamente R$ 165 milh\u00f5es ao longo dessa gest\u00e3o vitoriosa, sendo que iniciamos com R$ 78 milh\u00f5es. Ou seja, o MURIA\u00c9-PREV est\u00e1 cumprindo com louvor sua miss\u00e3o institucional. A Caixa \u00e9 uma grande parceira nossa e a equipe est\u00e1 sempre trabalhando em conjunto, cobrando deles a oferta de produtos compat\u00edveis os quais necessitamos. \u00c9 uma parceria muito s\u00f3lida\u201d,<\/em> define.<\/p>\n<p>O presidente do Sindicato dos Servidores P\u00fablicos de Muria\u00e9, o senhor Ronaldo Alvarenga falou da import\u00e2ncia do MURIA\u00c9-PREV para os servidores e de uma gest\u00e3o competente, disse ainda que a parceria entre o MURIA\u00c9-PREV e o Sindicato \u00e9 um sonho antigo e que os dois \u00f3rg\u00e3os s\u00e3o os \u00fanicos patrim\u00f4nios dos servidores p\u00fablicos<strong>.<\/strong><\/p>\n<p>Ormezinda Rodrigues Barbosa, professora de Matem\u00e1tica aposentada desde 2012, com dois cargos na Prefeitura de Muria\u00e9, avalia que os dois mandatos do Ant\u00f4nio Jos\u00e9 foram de muitas realiza\u00e7\u00f5es e sucesso, com compet\u00eancia e transpar\u00eancia. <em>\u201cRecebemos boletim informativo sobre as atividades que foram feitas e confiamos no trabalho s\u00e9rio que o MURIA\u00c9-PREV faz, para que tenhamos aposentadoria garantida para sempre, o que todo Servidor espera. Continuamos na esperan\u00e7a, porque sempre pode melhorar. Esse evento \u00e9 importante, porque passamos a conhecer outras pessoas que s\u00e3o aposentadas tamb\u00e9m e fizeram parte do trabalho da Prefeitura, algumas que nem conhec\u00edamos. As parcerias trouxeram benef\u00edcios \u00e0 qualidade de vida dos aposentados\u201d,<\/em> acrescenta.<\/p>\n<p>Rog\u00e9ria Rodrigues de Souza Oliveira, presidente do Conselho Administrativo do MURIA\u00c9-PREV, que havia cumprido o cargo conselheira na primeira gest\u00e3o da atual gest\u00e3o, garante que Ant\u00f4nio Jos\u00e9 \u00e9 um profissional muito respons\u00e1vel, que n\u00e3o faz nada sem consultar a equipe. <em>\u201cO Conselho Administrativo participa efetivamente e vemos que mesmo aumentando o n\u00famero de funcion\u00e1rios, o presidente da institui\u00e7\u00e3o conseguiu melhorar o fundo de investimento. N\u00f3s confiamos nele, pois \u00e9 uma pessoa s\u00e9ria. Os aposentados j\u00e1 acostumaram e esperam esse encontro a cada ano, ficam animados em participar. \u00c9 um momento muito importante, porque depois que aposentamos, fazemos novos amigos\u201d,<\/em> completa.<\/p>\n<p>A servidora Neuza Maria Ferreira de Oliveira Freitas trabalhou 25 anos na fun\u00e7\u00e3o de professora e se aposentou em 2012. Ainda trabalha pelo Estado, mas vem colhendo os frutos que plantou no munic\u00edpio. Ela achou muito interessante a palestra e as contribui\u00e7\u00f5es que o MURIA\u00c8-PREV vem promovendo. Sempre participando do evento, em um momento de confraterniza\u00e7\u00e3o e oportunidade de rever os amigos, mostra sua satisfa\u00e7\u00e3o em ver que \u00e9 um trabalho de honestidade e com respeito ao funcion\u00e1rio p\u00fablico. <em>\u201cPercebemos que o Ant\u00f4nio Jos\u00e9 leva muito a s\u00e9rio o tempo que passamos trabalhando. \u00c9 um servi\u00e7o de confian\u00e7a. Nossos governantes t\u00eam que ser assim, valorizar o pa\u00eds, que \u00e9 muito rico e precisa de pessoas competentes. Esse comprometimento e transpar\u00eancia com os servidores e com a comunidade em geral \u00e9 um diferencial nesses tempos que vivemos. Ficamos muito alegres com esse carisma e pelo Ant\u00f4nio Jos\u00e9 mostrar que as coisas consertam e podem melhorar a cada dia\u201d,<\/em> destaca.<\/p>\n<p><img decoding=\"async\" class=\"ngg_displayed_gallery mceItem\" src=\"http:\/\/folhadosudeste.com\/site\/index.php\/nextgen-attach_to_post\/preview\/id--29165\" alt=\"\" \/><\/p>\n","protected":false},"excerpt":{"rendered":"<p>Foi realizado no sal\u00e3o de eventos do SESC, na \u00faltima sexta (25\/11), o 8\u00ba Encontro com os Aposentados e Pensionistas do MURIA\u00c9-PREV. O presidente do MURIA\u00c9-PREV, Ant\u00f4nio Jos\u00e9 agradeceu a presen\u00e7a de todos e em seguida apresentou uma presta\u00e7\u00e3o de contas desde o in\u00edcio de sua primeira gest\u00e3o em 2012. Disse ainda que o n\u00famero [&hellip;]<\/p>\n","protected":false},"author":6,"featured_media":29104,"comment_status":"open","ping_status":"closed","sticky":false,"template":"","format":"standard","meta":{"_joinchat":[],"footnotes":""},"categories":[1],"tags":[],"class_list":["post-29103","post","type-post","status-publish","format-standard","has-post-thumbnail","hentry","category-sem-categoria"],"_links":{"self":[{"href":"http:\/\/folhadosudeste.com\/site\/index.php?rest_route=\/wp\/v2\/posts\/29103","targetHints":{"allow":["GET"]}}],"collection":[{"href":"http:\/\/folhadosudeste.com\/site\/index.php?rest_route=\/wp\/v2\/posts"}],"about":[{"href":"http:\/\/folhadosudeste.com\/site\/index.php?rest_route=\/wp\/v2\/types\/post"}],"author":[{"embeddable":true,"href":"http:\/\/folhadosudeste.com\/site\/index.php?rest_route=\/wp\/v2\/users\/6"}],"replies":[{"embeddable":true,"href":"http:\/\/folhadosudeste.com\/site\/index.php?rest_route=%2Fwp%2Fv2%2Fcomments&post=29103"}],"version-history":[{"count":1,"href":"http:\/\/folhadosudeste.com\/site\/index.php?rest_route=\/wp\/v2\/posts\/29103\/revisions"}],"predecessor-version":[{"id":29166,"href":"http:\/\/folhadosudeste.com\/site\/index.php?rest_route=\/wp\/v2\/posts\/29103\/revisions\/29166"}],"wp:featuredmedia":[{"embeddable":true,"href":"http:\/\/folhadosudeste.com\/site\/index.php?rest_route=\/wp\/v2\/media\/29104"}],"wp:attachment":[{"href":"http:\/\/folhadosudeste.com\/site\/index.php?rest_route=%2Fwp%2Fv2%2Fmedia&parent=29103"}],"wp:term":[{"taxonomy":"category","embeddable":true,"href":"http:\/\/folhadosudeste.com\/site\/index.php?rest_route=%2Fwp%2Fv2%2Fcategories&post=29103"},{"taxonomy":"post_tag","embeddable":true,"href":"http:\/\/folhadosudeste.com\/site\/index.php?rest_route=%2Fwp%2Fv2%2Ftags&post=29103"}],"curies":[{"name":"wp","href":"https:\/\/api.w.org\/{rel}","templated":true}]}}