{"id":29203,"date":"2016-12-02T11:56:43","date_gmt":"2016-12-02T11:56:43","guid":{"rendered":"http:\/\/folhadosudeste.com\/site\/?p=29203"},"modified":"2016-12-02T11:56:43","modified_gmt":"2016-12-02T11:56:43","slug":"seminario-da-beleza-e-realizado-em-muriae","status":"publish","type":"post","link":"http:\/\/folhadosudeste.com\/site\/?p=29203","title":{"rendered":"Semin\u00e1rio da Beleza \u00e9 realizado em Muria\u00e9"},"content":{"rendered":"<p><a href=\"http:\/\/folhadosudeste.com\/site\/wp-content\/uploads\/2016\/12\/MAIOR6.jpg\"><img loading=\"lazy\" decoding=\"async\" class=\"aligncenter wp-image-29204 size-full\" src=\"http:\/\/folhadosudeste.com\/site\/wp-content\/uploads\/2016\/12\/MAIOR6.jpg\" alt=\"maior\" width=\"800\" height=\"533\" srcset=\"http:\/\/folhadosudeste.com\/site\/wp-content\/uploads\/2016\/12\/MAIOR6.jpg 800w, http:\/\/folhadosudeste.com\/site\/wp-content\/uploads\/2016\/12\/MAIOR6-300x199.jpg 300w\" sizes=\"auto, (max-width: 800px) 100vw, 800px\" \/><\/a><\/p>\n<p>O Semin\u00e1rio da Beleza foi realizado no Audit\u00f3rio do Hotel Golden JK, no dia 28\/11, ocasi\u00e3o em que foram ministradas as palestras \u2018M\u00eddias sociais \u2013 potencialize seu neg\u00f3cio\u2019 e \u2018Tend\u00eancias globais inovadoras no processo de descolora\u00e7\u00e3o capilar\u2019 e realizado o workshop \u2018Dez passos para a gest\u00e3o eficiente de neg\u00f3cios de beleza\u2019, com Beth Penteado, p\u00f3s-graduada em Gest\u00e3o Estrat\u00e9gica de Marketing, professora de Gest\u00e3o de Pessoas do curso de p\u00f3s-gradua\u00e7\u00e3o do ICAP e autora do livro \u2018Afeto com Marketing\u2019. Ao final, foi servido um coffee break, para encerrar com chave de ouro. O objetivo do evento foi proporcionar uma oportunidade aos profissionais de seguirem as tend\u00eancias, se atualizar e atender melhor os clientes. Eles puderam perceber como profissionalizar ainda mais seu neg\u00f3cio, melhorar a gest\u00e3o e conhecer novas estrat\u00e9gias de marketing e atendimento para fidelizar os clientes.<\/p>\n<p>Segundo Beth Penteado, \u00e9 desafiante dar essa palestra, sendo observada em um tema provocador. <em>\u201cFalei de assuntos de sal\u00e3o de beleza que mexeram muito com a plat\u00e9ia, com a emo\u00e7\u00e3o das pessoas, o amor pela profiss\u00e3o e o prazer de ter projetos a longo prazo\u201d,<\/em> explica.<\/p>\n<p>Para Galv\u00e3o, analista t\u00e9cnico do Sebrae na microregi\u00e3o de Muria\u00e9, vivemos um momento intenso no mercado de beleza. <em>\u201cTemos que capacitar as pessoas que possuem algum empreendimento na \u00e1rea da beleza, cabeleireiros, manicures, profissionais de sal\u00f5es de est\u00e9tica e todas as empresas que trabalham nesse segmento. A id\u00e9ia \u00e9 trazer para os empres\u00e1rios algumas t\u00e9cnicas voltadas para essa \u00e1rea tamb\u00e9m\u201d,<\/em> acrescenta.<\/p>\n<p>Cristina, da empresa N\u00e9ctar, falou sobre as t\u00e9cnicas de explora\u00e7\u00e3o, as tend\u00eancias que j\u00e1 est\u00e3o vindo no pr\u00f3ximo ver\u00e3o, os novos tipos de mechas (o que vai mudar e acontecer), a suaviza\u00e7\u00e3o delas, os novos tipos (mechas countries, parte externa, fios s\u00e3o descoloridos na parte de fora do contorno do rosto, ilumina o rosto), mechas suaves e delicadas, etc. <em>\u201cFalei tamb\u00e9m sobre a matriz dos p\u00f3los descolorantes, do ativo que \u00e9 adicionado e faz praticamente um escudo contra os agentes que degradam a fibra. Se n\u00e3o for usado de forma adequada, pode danificar o cabelo\u201d,<\/em> completa.<\/p>\n<p>O evento foi uma realiza\u00e7\u00e3o do Sebrae, com apoio da CDL Muria\u00e9, Hotel Golden JK, Nadia Festas, Revele Photo e Shopping dos P\u00e3es.<\/p>\n<p><img decoding=\"async\" class=\"ngg_displayed_gallery mceItem\" src=\"http:\/\/folhadosudeste.com\/site\/index.php\/nextgen-attach_to_post\/preview\/id--29219\" alt=\"\" \/><\/p>\n","protected":false},"excerpt":{"rendered":"<p>O Semin\u00e1rio da Beleza foi realizado no Audit\u00f3rio do Hotel Golden JK, no dia 28\/11, ocasi\u00e3o em que foram ministradas as palestras \u2018M\u00eddias sociais \u2013 potencialize seu neg\u00f3cio\u2019 e \u2018Tend\u00eancias globais inovadoras no processo de descolora\u00e7\u00e3o capilar\u2019 e realizado o workshop \u2018Dez passos para a gest\u00e3o eficiente de neg\u00f3cios de beleza\u2019, com Beth Penteado, p\u00f3s-graduada [&hellip;]<\/p>\n","protected":false},"author":6,"featured_media":29204,"comment_status":"open","ping_status":"closed","sticky":false,"template":"","format":"standard","meta":{"_joinchat":[],"footnotes":""},"categories":[1],"tags":[],"class_list":["post-29203","post","type-post","status-publish","format-standard","has-post-thumbnail","hentry","category-sem-categoria"],"_links":{"self":[{"href":"http:\/\/folhadosudeste.com\/site\/index.php?rest_route=\/wp\/v2\/posts\/29203","targetHints":{"allow":["GET"]}}],"collection":[{"href":"http:\/\/folhadosudeste.com\/site\/index.php?rest_route=\/wp\/v2\/posts"}],"about":[{"href":"http:\/\/folhadosudeste.com\/site\/index.php?rest_route=\/wp\/v2\/types\/post"}],"author":[{"embeddable":true,"href":"http:\/\/folhadosudeste.com\/site\/index.php?rest_route=\/wp\/v2\/users\/6"}],"replies":[{"embeddable":true,"href":"http:\/\/folhadosudeste.com\/site\/index.php?rest_route=%2Fwp%2Fv2%2Fcomments&post=29203"}],"version-history":[{"count":1,"href":"http:\/\/folhadosudeste.com\/site\/index.php?rest_route=\/wp\/v2\/posts\/29203\/revisions"}],"predecessor-version":[{"id":29220,"href":"http:\/\/folhadosudeste.com\/site\/index.php?rest_route=\/wp\/v2\/posts\/29203\/revisions\/29220"}],"wp:featuredmedia":[{"embeddable":true,"href":"http:\/\/folhadosudeste.com\/site\/index.php?rest_route=\/wp\/v2\/media\/29204"}],"wp:attachment":[{"href":"http:\/\/folhadosudeste.com\/site\/index.php?rest_route=%2Fwp%2Fv2%2Fmedia&parent=29203"}],"wp:term":[{"taxonomy":"category","embeddable":true,"href":"http:\/\/folhadosudeste.com\/site\/index.php?rest_route=%2Fwp%2Fv2%2Fcategories&post=29203"},{"taxonomy":"post_tag","embeddable":true,"href":"http:\/\/folhadosudeste.com\/site\/index.php?rest_route=%2Fwp%2Fv2%2Ftags&post=29203"}],"curies":[{"name":"wp","href":"https:\/\/api.w.org\/{rel}","templated":true}]}}