{"id":29221,"date":"2016-12-02T11:59:19","date_gmt":"2016-12-02T11:59:19","guid":{"rendered":"http:\/\/folhadosudeste.com\/site\/?p=29221"},"modified":"2016-12-02T11:59:19","modified_gmt":"2016-12-02T11:59:19","slug":"escola-e-pe-maximino-benassati-realiza-festa-da-cultura-afro-brasileira","status":"publish","type":"post","link":"http:\/\/folhadosudeste.com\/site\/?p=29221","title":{"rendered":"Escola E. Pe. Maximino Benassati realiza festa da \u2018Cultura Afro-Brasileira\u2019"},"content":{"rendered":"<p><a href=\"http:\/\/folhadosudeste.com\/site\/wp-content\/uploads\/2016\/12\/MAIOR7.jpg\"><img loading=\"lazy\" decoding=\"async\" class=\"aligncenter wp-image-29222 size-full\" src=\"http:\/\/folhadosudeste.com\/site\/wp-content\/uploads\/2016\/12\/MAIOR7.jpg\" alt=\"maior\" width=\"800\" height=\"530\" srcset=\"http:\/\/folhadosudeste.com\/site\/wp-content\/uploads\/2016\/12\/MAIOR7.jpg 800w, http:\/\/folhadosudeste.com\/site\/wp-content\/uploads\/2016\/12\/MAIOR7-300x198.jpg 300w\" sizes=\"auto, (max-width: 800px) 100vw, 800px\" \/><\/a><\/p>\n<p>A Escola Estadual Padre Maximino Benassati, no bairro S\u00e3o Francisco, realizou uma bela festa da \u2018Cultura Afro-Brasileira\u2019, no dia 24 de novembro, com uma\u00a0 programa\u00e7\u00e3o bem elaborada, que incluiu comidas t\u00edpicas africanas, desfile e m\u00fasica, tudo exaltando a cultura, promovendo a cidadania e combatendo o preconceito que, infelizmente, ainda \u00e9 algo presente em nossa sociedade. Maria Alice de Souza Almeida Fernandes \u00e9 diretora da escola h\u00e1 5 anos. Segundo ela, essa \u2018Festa Afro\u2019 faz parte do calend\u00e1rio da escola, sendo de extrema relev\u00e2ncia trabalhar o tema com os jovens na atualidade. Isso foi refor\u00e7ado com o evento \u2018Africanidade\u2019, realizado na UNIFAMINAS, promovido pela Superintend\u00eancia Regional de Ensino, com participa\u00e7\u00e3o dos diretores de nossas escolas.<\/p>\n<p><em>\u201cCada escola trabalhou essa tem\u00e1tica junto com seus alunos, promovendo isso com eles e passando esse conhecimento. Eles se relacionam muito bem, gostam das tradi\u00e7\u00f5es culturais, das dan\u00e7as e comidas t\u00edpicas. Tivemos as m\u00e3es que trouxeram os pratos, concorrendo ao melhor, como uma esp\u00e9cie de concurso, e tudo estava relacionado \u00e0 \u00c1frica. Eles aprendem a conviver com o outro e respeitar, lidando com as diferen\u00e7as e trabalhando esses valores. Ensinamos e destacamos que nossa ra\u00e7a \u00e9 miscigenada. Cada um tem sua cor, desde quando tivemos em nossas terras os europeus, os \u00edndios e os escravos, formando nossa popula\u00e7\u00e3o e ra\u00e7a brasileira. Contamos hoje com 422 alunos em dois turnos e temos o tempo integral. O preconceito \u00e9 um pr\u00e9 julgamento e a educa\u00e7\u00e3o \u00e9 a melhor arma para trabalhar isso\u201d,<\/em> afirma a diretora Maria Alice. Destacamos e agradecemos a presen\u00e7a do Batuque de dois e do grupo For\u00e7a da ra\u00e7a!<\/p>\n<p><img decoding=\"async\" class=\"ngg_displayed_gallery mceItem\" src=\"http:\/\/folhadosudeste.com\/site\/index.php\/nextgen-attach_to_post\/preview\/id--29243\" alt=\"\" \/><\/p>\n","protected":false},"excerpt":{"rendered":"<p>A Escola Estadual Padre Maximino Benassati, no bairro S\u00e3o Francisco, realizou uma bela festa da \u2018Cultura Afro-Brasileira\u2019, no dia 24 de novembro, com uma\u00a0 programa\u00e7\u00e3o bem elaborada, que incluiu comidas t\u00edpicas africanas, desfile e m\u00fasica, tudo exaltando a cultura, promovendo a cidadania e combatendo o preconceito que, infelizmente, ainda \u00e9 algo presente em nossa sociedade. [&hellip;]<\/p>\n","protected":false},"author":6,"featured_media":29222,"comment_status":"open","ping_status":"closed","sticky":false,"template":"","format":"standard","meta":{"_joinchat":[],"footnotes":""},"categories":[1],"tags":[],"class_list":["post-29221","post","type-post","status-publish","format-standard","has-post-thumbnail","hentry","category-sem-categoria"],"_links":{"self":[{"href":"http:\/\/folhadosudeste.com\/site\/index.php?rest_route=\/wp\/v2\/posts\/29221","targetHints":{"allow":["GET"]}}],"collection":[{"href":"http:\/\/folhadosudeste.com\/site\/index.php?rest_route=\/wp\/v2\/posts"}],"about":[{"href":"http:\/\/folhadosudeste.com\/site\/index.php?rest_route=\/wp\/v2\/types\/post"}],"author":[{"embeddable":true,"href":"http:\/\/folhadosudeste.com\/site\/index.php?rest_route=\/wp\/v2\/users\/6"}],"replies":[{"embeddable":true,"href":"http:\/\/folhadosudeste.com\/site\/index.php?rest_route=%2Fwp%2Fv2%2Fcomments&post=29221"}],"version-history":[{"count":1,"href":"http:\/\/folhadosudeste.com\/site\/index.php?rest_route=\/wp\/v2\/posts\/29221\/revisions"}],"predecessor-version":[{"id":29244,"href":"http:\/\/folhadosudeste.com\/site\/index.php?rest_route=\/wp\/v2\/posts\/29221\/revisions\/29244"}],"wp:featuredmedia":[{"embeddable":true,"href":"http:\/\/folhadosudeste.com\/site\/index.php?rest_route=\/wp\/v2\/media\/29222"}],"wp:attachment":[{"href":"http:\/\/folhadosudeste.com\/site\/index.php?rest_route=%2Fwp%2Fv2%2Fmedia&parent=29221"}],"wp:term":[{"taxonomy":"category","embeddable":true,"href":"http:\/\/folhadosudeste.com\/site\/index.php?rest_route=%2Fwp%2Fv2%2Fcategories&post=29221"},{"taxonomy":"post_tag","embeddable":true,"href":"http:\/\/folhadosudeste.com\/site\/index.php?rest_route=%2Fwp%2Fv2%2Ftags&post=29221"}],"curies":[{"name":"wp","href":"https:\/\/api.w.org\/{rel}","templated":true}]}}