{"id":29250,"date":"2016-12-09T11:44:33","date_gmt":"2016-12-09T11:44:33","guid":{"rendered":"http:\/\/folhadosudeste.com\/site\/?p=29250"},"modified":"2016-12-09T11:44:33","modified_gmt":"2016-12-09T11:44:33","slug":"chegada-do-papai-noel-em-muriae-e-abertura-da-programacao-de-natal","status":"publish","type":"post","link":"http:\/\/folhadosudeste.com\/site\/?p=29250","title":{"rendered":"Chegada do Papai Noel em Muria\u00e9 e abertura da programa\u00e7\u00e3o de Natal"},"content":{"rendered":"<p><a href=\"http:\/\/folhadosudeste.com\/site\/wp-content\/uploads\/2016\/12\/MAIOR8.jpg\"><img loading=\"lazy\" decoding=\"async\" class=\"aligncenter wp-image-29251 size-full\" src=\"http:\/\/folhadosudeste.com\/site\/wp-content\/uploads\/2016\/12\/MAIOR8.jpg\" alt=\"maior\" width=\"800\" height=\"530\" srcset=\"http:\/\/folhadosudeste.com\/site\/wp-content\/uploads\/2016\/12\/MAIOR8.jpg 800w, http:\/\/folhadosudeste.com\/site\/wp-content\/uploads\/2016\/12\/MAIOR8-300x198.jpg 300w\" sizes=\"auto, (max-width: 800px) 100vw, 800px\" \/><\/a><\/p>\n<p>O Natal est\u00e1 chegando e Muria\u00e9 continua mantendo a tradi\u00e7\u00e3o de muita luz e uma diversificada programa\u00e7\u00e3o at\u00e9 a data especial. A abertura oficial da edi\u00e7\u00e3o deste ano foi realizada no final da tarde da \u00faltima ter\u00e7a (6), com a chegada do Papai Noel \u00e0 Pra\u00e7a Jo\u00e3o Pinheiro, ocasi\u00e3o em que centenas de pessoas o recepcionaram com muita festa. O desfile do \u2018bom velhinho\u2019, em cima do caminh\u00e3o do Corpo de Bombeiros, come\u00e7ou pelo bairro Porto, passando por v\u00e1rias ruas da cidade, enquanto a popula\u00e7\u00e3o, principalmente crian\u00e7as, acenavam e ele retribu\u00eda jogando balas. O roteiro do passeio foi finalizado na Pra\u00e7a Jo\u00e3o Pinheiro, ocasi\u00e3o em que o prefeito Aloysio Aquino que lhe entregou a chave da cidade. Entre as atra\u00e7\u00f5es culturais da cerim\u00f4nia, destaque para a apresenta\u00e7\u00e3o das fanfarras da Banda Marcial de Muria\u00e9 e Banda Marcial Bernadete Carneiro, a Cantata de Natal no Coreto e a conta\u00e7\u00e3o de Hist\u00f3rias Natalinas, Coral de Libras da Associa\u00e7\u00e3o de Surdos de Muria\u00e9 e Coral da Igreja Batista Central. O encerramento foi dado com apresenta\u00e7\u00e3o da Banda Sociedade Musical Uni\u00e3o dos Artistas.<\/p>\n<p>Segundo Gilca Napier, diretora geral da Fundarte, a equipe tem feito, desde o inicio da administra\u00e7\u00e3o de Aloysio Aquino, o \u2018Natal Iluminado e Cultural de Muria\u00e9\u2019, que acontece geralmente at\u00e9 o dia 20 de dezembro, com uma variada programa\u00e7\u00e3o cultural em v\u00e1rios pontos da cidade. Para ela, \u00e9 muito bom observar que, a cada ano, o prest\u00edgio do povo aumenta ainda mais, lotando a pra\u00e7a Jo\u00e3o Pinheiro e o Coreto. <em>\u201cTivemos o cuidado de manter durante a administra\u00e7\u00e3o todas as festas tradicionais da cidade. Come\u00e7amos dia 6 de janeiro com a Folia de Reis, depois vamos para o Carnaval, tem o 15 de maio, o Dia da Independ\u00eancia, Dia da Crian\u00e7a, o 7 de Setembro, at\u00e9 chegar o Natal. Muria\u00e9 realmente \u00e9 uma cidade prestigiada. O cidad\u00e3o muriaeense gosta dos eventos culturais e cada ano tem novidades, pois agregamos mais valor. Ficou tudo muito lindo, iluminado e decorado. Agrade\u00e7o a todos de Muria\u00e9, as comemora\u00e7\u00f5es que fizemos e desejo um Feliz Natal e um 2017 com muita paz e amor\u201d,<\/em> destaca.<\/p>\n<p><img decoding=\"async\" class=\"ngg_displayed_gallery mceItem\" src=\"http:\/\/folhadosudeste.com\/site\/index.php\/nextgen-attach_to_post\/preview\/id--29274\" alt=\"\" \/><\/p>\n","protected":false},"excerpt":{"rendered":"<p>O Natal est\u00e1 chegando e Muria\u00e9 continua mantendo a tradi\u00e7\u00e3o de muita luz e uma diversificada programa\u00e7\u00e3o at\u00e9 a data especial. A abertura oficial da edi\u00e7\u00e3o deste ano foi realizada no final da tarde da \u00faltima ter\u00e7a (6), com a chegada do Papai Noel \u00e0 Pra\u00e7a Jo\u00e3o Pinheiro, ocasi\u00e3o em que centenas de pessoas o [&hellip;]<\/p>\n","protected":false},"author":6,"featured_media":29251,"comment_status":"open","ping_status":"closed","sticky":false,"template":"","format":"standard","meta":{"_joinchat":[],"footnotes":""},"categories":[1],"tags":[],"class_list":["post-29250","post","type-post","status-publish","format-standard","has-post-thumbnail","hentry","category-sem-categoria"],"_links":{"self":[{"href":"http:\/\/folhadosudeste.com\/site\/index.php?rest_route=\/wp\/v2\/posts\/29250","targetHints":{"allow":["GET"]}}],"collection":[{"href":"http:\/\/folhadosudeste.com\/site\/index.php?rest_route=\/wp\/v2\/posts"}],"about":[{"href":"http:\/\/folhadosudeste.com\/site\/index.php?rest_route=\/wp\/v2\/types\/post"}],"author":[{"embeddable":true,"href":"http:\/\/folhadosudeste.com\/site\/index.php?rest_route=\/wp\/v2\/users\/6"}],"replies":[{"embeddable":true,"href":"http:\/\/folhadosudeste.com\/site\/index.php?rest_route=%2Fwp%2Fv2%2Fcomments&post=29250"}],"version-history":[{"count":1,"href":"http:\/\/folhadosudeste.com\/site\/index.php?rest_route=\/wp\/v2\/posts\/29250\/revisions"}],"predecessor-version":[{"id":29275,"href":"http:\/\/folhadosudeste.com\/site\/index.php?rest_route=\/wp\/v2\/posts\/29250\/revisions\/29275"}],"wp:featuredmedia":[{"embeddable":true,"href":"http:\/\/folhadosudeste.com\/site\/index.php?rest_route=\/wp\/v2\/media\/29251"}],"wp:attachment":[{"href":"http:\/\/folhadosudeste.com\/site\/index.php?rest_route=%2Fwp%2Fv2%2Fmedia&parent=29250"}],"wp:term":[{"taxonomy":"category","embeddable":true,"href":"http:\/\/folhadosudeste.com\/site\/index.php?rest_route=%2Fwp%2Fv2%2Fcategories&post=29250"},{"taxonomy":"post_tag","embeddable":true,"href":"http:\/\/folhadosudeste.com\/site\/index.php?rest_route=%2Fwp%2Fv2%2Ftags&post=29250"}],"curies":[{"name":"wp","href":"https:\/\/api.w.org\/{rel}","templated":true}]}}