{"id":29276,"date":"2016-12-09T11:48:22","date_gmt":"2016-12-09T11:48:22","guid":{"rendered":"http:\/\/folhadosudeste.com\/site\/?p=29276"},"modified":"2016-12-09T11:48:22","modified_gmt":"2016-12-09T11:48:22","slug":"diplomacao-dos-prefeitos-vice-prefeitos-e-vereadores-da-187a-zona-eleitoral-de-muriae","status":"publish","type":"post","link":"http:\/\/folhadosudeste.com\/site\/?p=29276","title":{"rendered":"Diploma\u00e7\u00e3o dos prefeitos, vice-prefeitos e vereadores da 187\u00aa Zona Eleitoral de Muria\u00e9"},"content":{"rendered":"<p><a href=\"http:\/\/folhadosudeste.com\/site\/wp-content\/uploads\/2016\/12\/MAIOR9.jpg\"><img loading=\"lazy\" decoding=\"async\" class=\"aligncenter wp-image-29277 size-full\" src=\"http:\/\/folhadosudeste.com\/site\/wp-content\/uploads\/2016\/12\/MAIOR9.jpg\" alt=\"maior\" width=\"776\" height=\"207\" srcset=\"http:\/\/folhadosudeste.com\/site\/wp-content\/uploads\/2016\/12\/MAIOR9.jpg 776w, http:\/\/folhadosudeste.com\/site\/wp-content\/uploads\/2016\/12\/MAIOR9-300x80.jpg 300w\" sizes=\"auto, (max-width: 776px) 100vw, 776px\" \/><\/a><\/p>\n<p>Na tarde da \u00faltima ter\u00e7a (6\/11), foram diplomados, no Sal\u00e3o do J\u00fari do F\u00f3rum Tabeli\u00e3o Pacheco de Medeiros, Centro, os prefeitos, vice-prefeitos e vereadores eleitos na 187\u00aa Zona Eleitoral de Muria\u00e9 (que inclui tamb\u00e9m as cidades de Laranjal e Ros\u00e1rio da Limeira). Na ocasi\u00e3o, foram entregues homenagens a seis pessoas que representaram mes\u00e1rios e eleitores dos tr\u00eas munic\u00edpios.<\/p>\n<p>Grego revela que, conforme a vota\u00e7\u00e3o expressiva, a responsabilidade \u00e9 do mesmo tamanho, da mesma propor\u00e7\u00e3o, mas ele tem tranquilidade, seriedade e se empenha ao m\u00e1ximo para n\u00e3o decepcionar o povo de Muria\u00e9, que \u00e9 t\u00e3o sofrido e merece mudan\u00e7as. <em>\u201cEssa \u00e9 uma grande realiza\u00e7\u00e3o e um sonho, quando sonhado por muitos, se torna realidade. Essa \u00e9 mais uma etapa para ser vencida nesse processo, que estamos realizando desde a campanha, com muita transpar\u00eancia e muito respeito a todos. A responsabilidade \u00e9 ainda maior, com essa crise que estamos vivendo. Vamos passar por momentos dif\u00edceis e por ajustes necess\u00e1rios para que as metas e os sonhos, em um per\u00edodo de m\u00e9dio e longo prazo sejam alcan\u00e7ados e concretizados. Agrade\u00e7o cada voto recebido, pela confian\u00e7a depositada em mim e a todos os vereadores de Muria\u00e9. Vamos trabalhar em prol da cidade e regi\u00e3o\u201d,<\/em> explica.<\/p>\n<p><img decoding=\"async\" class=\"ngg_displayed_gallery mceItem\" src=\"http:\/\/folhadosudeste.com\/site\/index.php\/nextgen-attach_to_post\/preview\/id--29318\" alt=\"\" \/><\/p>\n","protected":false},"excerpt":{"rendered":"<p>Na tarde da \u00faltima ter\u00e7a (6\/11), foram diplomados, no Sal\u00e3o do J\u00fari do F\u00f3rum Tabeli\u00e3o Pacheco de Medeiros, Centro, os prefeitos, vice-prefeitos e vereadores eleitos na 187\u00aa Zona Eleitoral de Muria\u00e9 (que inclui tamb\u00e9m as cidades de Laranjal e Ros\u00e1rio da Limeira). Na ocasi\u00e3o, foram entregues homenagens a seis pessoas que representaram mes\u00e1rios e eleitores [&hellip;]<\/p>\n","protected":false},"author":6,"featured_media":29277,"comment_status":"open","ping_status":"closed","sticky":false,"template":"","format":"standard","meta":{"_joinchat":[],"footnotes":""},"categories":[1],"tags":[],"class_list":["post-29276","post","type-post","status-publish","format-standard","has-post-thumbnail","hentry","category-sem-categoria"],"_links":{"self":[{"href":"http:\/\/folhadosudeste.com\/site\/index.php?rest_route=\/wp\/v2\/posts\/29276","targetHints":{"allow":["GET"]}}],"collection":[{"href":"http:\/\/folhadosudeste.com\/site\/index.php?rest_route=\/wp\/v2\/posts"}],"about":[{"href":"http:\/\/folhadosudeste.com\/site\/index.php?rest_route=\/wp\/v2\/types\/post"}],"author":[{"embeddable":true,"href":"http:\/\/folhadosudeste.com\/site\/index.php?rest_route=\/wp\/v2\/users\/6"}],"replies":[{"embeddable":true,"href":"http:\/\/folhadosudeste.com\/site\/index.php?rest_route=%2Fwp%2Fv2%2Fcomments&post=29276"}],"version-history":[{"count":1,"href":"http:\/\/folhadosudeste.com\/site\/index.php?rest_route=\/wp\/v2\/posts\/29276\/revisions"}],"predecessor-version":[{"id":29319,"href":"http:\/\/folhadosudeste.com\/site\/index.php?rest_route=\/wp\/v2\/posts\/29276\/revisions\/29319"}],"wp:featuredmedia":[{"embeddable":true,"href":"http:\/\/folhadosudeste.com\/site\/index.php?rest_route=\/wp\/v2\/media\/29277"}],"wp:attachment":[{"href":"http:\/\/folhadosudeste.com\/site\/index.php?rest_route=%2Fwp%2Fv2%2Fmedia&parent=29276"}],"wp:term":[{"taxonomy":"category","embeddable":true,"href":"http:\/\/folhadosudeste.com\/site\/index.php?rest_route=%2Fwp%2Fv2%2Fcategories&post=29276"},{"taxonomy":"post_tag","embeddable":true,"href":"http:\/\/folhadosudeste.com\/site\/index.php?rest_route=%2Fwp%2Fv2%2Ftags&post=29276"}],"curies":[{"name":"wp","href":"https:\/\/api.w.org\/{rel}","templated":true}]}}