{"id":29320,"date":"2016-12-09T11:51:05","date_gmt":"2016-12-09T11:51:05","guid":{"rendered":"http:\/\/folhadosudeste.com\/site\/?p=29320"},"modified":"2016-12-09T11:51:05","modified_gmt":"2016-12-09T11:51:05","slug":"populacao-se-emociona-com-inauguracao-oficial-do-complexo-do-cristo-redentor-de-muriae","status":"publish","type":"post","link":"http:\/\/folhadosudeste.com\/site\/?p=29320","title":{"rendered":"Popula\u00e7\u00e3o se emociona com inaugura\u00e7\u00e3o oficial do Complexo do Cristo Redentor de Muria\u00e9"},"content":{"rendered":"<p><a href=\"http:\/\/folhadosudeste.com\/site\/wp-content\/uploads\/2016\/12\/Maior.jpg\"><img loading=\"lazy\" decoding=\"async\" class=\"aligncenter wp-image-29321 size-full\" src=\"http:\/\/folhadosudeste.com\/site\/wp-content\/uploads\/2016\/12\/Maior.jpg\" alt=\"maior\" width=\"800\" height=\"530\" srcset=\"http:\/\/folhadosudeste.com\/site\/wp-content\/uploads\/2016\/12\/Maior.jpg 800w, http:\/\/folhadosudeste.com\/site\/wp-content\/uploads\/2016\/12\/Maior-300x198.jpg 300w\" sizes=\"auto, (max-width: 800px) 100vw, 800px\" \/><\/a><\/p>\n<p>O t\u00e3o esperado dia da inaugura\u00e7\u00e3o do Complexo Cristo Redentor, localizado na Ch\u00e1cara Brum, foi neste domingo 4 de dezembro , cinco anos ap\u00f3s in\u00edcio das obras, projeto de expans\u00e3o e as grandes propor\u00e7\u00f5es que tomou. O empres\u00e1rio e ex-prefeito Jos\u00e9 Braz, a esposa L\u00e9dia Braz, e sua fam\u00edlia (estiveram presentes quatro gera\u00e7\u00f5es, incluindo os atuais deputados Renzo e Braulio Braz, respectivamente federal e estadual), concretizaram este sonho, que proporciona uma oportunidade magn\u00edfica aos muriaeenses e pessoas da regi\u00e3o que trafegam ao longo do munic\u00edpio de Muria\u00e9: a de visualizar, a partir de qualquer ponto, o Cristo de bra\u00e7os abertos acolhendo a cidade e mostrando toda sua beleza e exuber\u00e2ncia \u00e0 noite, quando destaca ilumina\u00e7\u00e3o pr\u00f3pria e colorida.<\/p>\n<p>A solenidade de inaugura\u00e7\u00e3o contou com a presen\u00e7a de centenas de pessoas, que assistiram \u00e0 Missa Inaugural da Capela que recebeu o nome \u2018S\u00e3o Jos\u00e9 Oper\u00e1rio\u2019, fazendo parte da Par\u00f3quia Nossa Senhora Aparecida (Porto). A celebra\u00e7\u00e3o foi presidida por Pe. Adilson Nery, Pe. Roberto Carlos e Pe. Carlos Mariosa. Essa data tamb\u00e9m n\u00e3o foi escolhida por acaso, j\u00e1 que Jos\u00e9 Braz e L\u00e9dia Braz se casaram em 4 de dezembro de 1947, portanto, renovaram seus votos matrimoniais na ocasi\u00e3o (69 anos de casados). O complexo, aberto \u00e0 visita\u00e7\u00e3o, conta com uma \u00e1rea de quase 20 mil metros quadrados, abrigando \u2013 al\u00e9m do Cristo, que possui aproximadamente 30 metros desde sua base \u2013, uma igreja, pra\u00e7a, jardins, \u00e1rea de conviv\u00eancia e estacionamento para cerca de 270 ve\u00edculos.<\/p>\n<p>L\u00e9dia Braz declarou estar muito feliz com a presen\u00e7a de tantas pessoas: a popula\u00e7\u00e3o de Muria\u00e9, os padres, as fam\u00edlias e os crist\u00e3os. <em>\u201cFoi muito bom receber todos. Agrade\u00e7o a Deus por esta obra, ao meu marido, e todos que ajudaram a abrilhantar este momento\u201d,<\/em> expressa.<\/p>\n<p>O empres\u00e1rio Jos\u00e9 Braz tamb\u00e9m mostrou sua alegria e satisfa\u00e7\u00e3o em presentear o povo da cidade e de toda regi\u00e3o com uma obra desse grande porte, para o povo aproveitar dessa bel\u00edssima imagem. <em>\u201cEstou muito feliz e considero mais uma etapa conclu\u00edda. Agrade\u00e7o ao povo e desejo que Deus d\u00ea muita sa\u00fade e paz a todos. \u00c9 um presente para o povo muriaeense\u201d,<\/em> acrescenta.<\/p>\n<p>O arquiteto Jorge F\u00e9res foi o respons\u00e1vel pela obra. Para ele, o sentimento maior \u00e9 de gratid\u00e3o a Jos\u00e9 Braz e Dona L\u00e9dia, por terem lhe convidado para participar da inaugura\u00e7\u00e3o desse complexo, um projeto muito grande, que come\u00e7ou h\u00e1 4 anos. <em>\u201cIniciamos com a est\u00e1tua do Cristo e depois fizemos o parqueamento todo, at\u00e9 chegar na obra da capela. Agrade\u00e7o imensamente a oportunidade de ter participado desse trabalho. \u00c9 um momento que vai ficar marcado, pois comemoramos tamb\u00e9m os 69 anos de casamento do Sr. Jos\u00e9 Braz e Dona L\u00e9dia\u201d,<\/em> completa.<\/p>\n<p><img decoding=\"async\" class=\"ngg_displayed_gallery mceItem\" src=\"http:\/\/folhadosudeste.com\/site\/index.php\/nextgen-attach_to_post\/preview\/id--29344\" alt=\"\" \/><\/p>\n","protected":false},"excerpt":{"rendered":"<p>O t\u00e3o esperado dia da inaugura\u00e7\u00e3o do Complexo Cristo Redentor, localizado na Ch\u00e1cara Brum, foi neste domingo 4 de dezembro , cinco anos ap\u00f3s in\u00edcio das obras, projeto de expans\u00e3o e as grandes propor\u00e7\u00f5es que tomou. O empres\u00e1rio e ex-prefeito Jos\u00e9 Braz, a esposa L\u00e9dia Braz, e sua fam\u00edlia (estiveram presentes quatro gera\u00e7\u00f5es, incluindo os [&hellip;]<\/p>\n","protected":false},"author":6,"featured_media":29321,"comment_status":"open","ping_status":"closed","sticky":false,"template":"","format":"standard","meta":{"_joinchat":[],"footnotes":""},"categories":[1],"tags":[],"class_list":["post-29320","post","type-post","status-publish","format-standard","has-post-thumbnail","hentry","category-sem-categoria"],"_links":{"self":[{"href":"http:\/\/folhadosudeste.com\/site\/index.php?rest_route=\/wp\/v2\/posts\/29320","targetHints":{"allow":["GET"]}}],"collection":[{"href":"http:\/\/folhadosudeste.com\/site\/index.php?rest_route=\/wp\/v2\/posts"}],"about":[{"href":"http:\/\/folhadosudeste.com\/site\/index.php?rest_route=\/wp\/v2\/types\/post"}],"author":[{"embeddable":true,"href":"http:\/\/folhadosudeste.com\/site\/index.php?rest_route=\/wp\/v2\/users\/6"}],"replies":[{"embeddable":true,"href":"http:\/\/folhadosudeste.com\/site\/index.php?rest_route=%2Fwp%2Fv2%2Fcomments&post=29320"}],"version-history":[{"count":1,"href":"http:\/\/folhadosudeste.com\/site\/index.php?rest_route=\/wp\/v2\/posts\/29320\/revisions"}],"predecessor-version":[{"id":29345,"href":"http:\/\/folhadosudeste.com\/site\/index.php?rest_route=\/wp\/v2\/posts\/29320\/revisions\/29345"}],"wp:featuredmedia":[{"embeddable":true,"href":"http:\/\/folhadosudeste.com\/site\/index.php?rest_route=\/wp\/v2\/media\/29321"}],"wp:attachment":[{"href":"http:\/\/folhadosudeste.com\/site\/index.php?rest_route=%2Fwp%2Fv2%2Fmedia&parent=29320"}],"wp:term":[{"taxonomy":"category","embeddable":true,"href":"http:\/\/folhadosudeste.com\/site\/index.php?rest_route=%2Fwp%2Fv2%2Fcategories&post=29320"},{"taxonomy":"post_tag","embeddable":true,"href":"http:\/\/folhadosudeste.com\/site\/index.php?rest_route=%2Fwp%2Fv2%2Ftags&post=29320"}],"curies":[{"name":"wp","href":"https:\/\/api.w.org\/{rel}","templated":true}]}}