{"id":29346,"date":"2016-12-09T11:54:07","date_gmt":"2016-12-09T11:54:07","guid":{"rendered":"http:\/\/folhadosudeste.com\/site\/?p=29346"},"modified":"2016-12-09T11:54:07","modified_gmt":"2016-12-09T11:54:07","slug":"colegio-equipe-forma-86-alunos-do-3o-ano-do-ensino-medio","status":"publish","type":"post","link":"http:\/\/folhadosudeste.com\/site\/?p=29346","title":{"rendered":"Col\u00e9gio Equipe forma 86 alunos do 3\u00ba ano do Ensino M\u00e9dio"},"content":{"rendered":"<p><a href=\"http:\/\/folhadosudeste.com\/site\/wp-content\/uploads\/2016\/12\/MAIO.jpg\"><img loading=\"lazy\" decoding=\"async\" class=\"aligncenter wp-image-29347 size-full\" src=\"http:\/\/folhadosudeste.com\/site\/wp-content\/uploads\/2016\/12\/MAIO.jpg\" alt=\"maio\" width=\"800\" height=\"533\" srcset=\"http:\/\/folhadosudeste.com\/site\/wp-content\/uploads\/2016\/12\/MAIO.jpg 800w, http:\/\/folhadosudeste.com\/site\/wp-content\/uploads\/2016\/12\/MAIO-300x199.jpg 300w\" sizes=\"auto, (max-width: 800px) 100vw, 800px\" \/><\/a><\/p>\n<p>Os 86 formandos do 3\u00ba ano do Ensino M\u00e9dio do Col\u00e9gio Equipe dividiram \u00a0alegrias com seus pais, amigos e familiares, na presen\u00e7a de professores, dire\u00e7\u00e3o e coordena\u00e7\u00e3o do col\u00e9gio, durante as festividades que tiveram in\u00edcio na noite de sexta (02\/12), no Sal\u00e3o de Festa do SESC, onde aconteceu a Solenidade Oficial de Cola\u00e7\u00e3o de Grau. Em um momento de muita emo\u00e7\u00e3o e felicidade dif\u00edcil de ser contida, foram feitas as tradicionais homenagens e agradecimentos a Deus, aos pais presente, ausentes e demais familiares, aos professores e colaboradores do col\u00e9gio, al\u00e9m de outros discursos. Mais tarde, os formandos e seus convidados se dirigiram ao Colina Country Club, onde foi realizado o Baile de Formatura, com buffet de Mar\u00edlia Andrade, decora\u00e7\u00e3o de L\u00e9o Fernandes, drinks de Vip\u2019s Barman e muita m\u00fasica boa com DJ Lu\u00eds Cl\u00e1udio e banda Marofagy (sal\u00e3o maior) e a dupla Yan &amp; Guilherme, DJ Jean e Marcelo Brasil (sal\u00e3o menor).<\/p>\n<p>O professor da turma, Din\u00e1rio, agradeceu ao diretor Magno, por coordenar tudo com muito carinho e apoi\u00e1-lo desde o primeiro momento, aproveitou o momento para parabenizar o Col\u00e9gio pelos 15 anos de sucesso em Muria\u00e9 e regi\u00e3o. Ele estendeu seus agradecimentos aos funcion\u00e1rios, pelo companheirismo; aos pais, por terem sido compreens\u00edveis em todos os momentos; e aos alunos, que lhe deram a oportunidade de coorden\u00e1-los. <em>\u201cMesmo diante de todas as dificuldades, eles acreditaram que tudo era poss\u00edvel e fizemos essa maravilhosa formatura, uma festa linda. Tor\u00e7o imensamente para o sucesso de cada um,\u201d<\/em> deseja.<\/p>\n<p>Para o Diretor Magno Perim, o caminho foi bem tra\u00e7ado e ele tem certeza de que os alunos honrar\u00e3o muito bem o nome Equipe, que agora \u00e9 como uma fam\u00edlia para eles. De acordo com ele, ao conversar com os pais, p\u00f4de ver essa acolhida com muito amor. <em>\u201cConhe\u00e7o muito bem esses estudantes. \u00c9 a express\u00e3o verdadeira do Col\u00e9gio Equipe, com confraterniza\u00e7\u00e3o, brincadeiras, mas muita seriedade no trabalho. Parab\u00e9ns aos que j\u00e1 passaram em vestibulares. Os pais j\u00e1 est\u00e3o orgulhosos desses filhos e espero que eles lembrem sempre das palavras dos professores, que mostraram que eles s\u00e3o o futuro do pa\u00eds. Muita f\u00e9 e sa\u00fade para todos e muito obrigado aos que nos prestigiaram neste momento marcante\u201d,<\/em> conclui.<\/p>\n<p><img decoding=\"async\" class=\"ngg_displayed_gallery mceItem\" src=\"http:\/\/folhadosudeste.com\/site\/index.php\/nextgen-attach_to_post\/preview\/id--29362\" alt=\"\" \/><\/p>\n","protected":false},"excerpt":{"rendered":"<p>Os 86 formandos do 3\u00ba ano do Ensino M\u00e9dio do Col\u00e9gio Equipe dividiram \u00a0alegrias com seus pais, amigos e familiares, na presen\u00e7a de professores, dire\u00e7\u00e3o e coordena\u00e7\u00e3o do col\u00e9gio, durante as festividades que tiveram in\u00edcio na noite de sexta (02\/12), no Sal\u00e3o de Festa do SESC, onde aconteceu a Solenidade Oficial de Cola\u00e7\u00e3o de Grau. [&hellip;]<\/p>\n","protected":false},"author":6,"featured_media":29347,"comment_status":"open","ping_status":"closed","sticky":false,"template":"","format":"standard","meta":{"_joinchat":[],"footnotes":""},"categories":[1],"tags":[],"class_list":["post-29346","post","type-post","status-publish","format-standard","has-post-thumbnail","hentry","category-sem-categoria"],"_links":{"self":[{"href":"http:\/\/folhadosudeste.com\/site\/index.php?rest_route=\/wp\/v2\/posts\/29346","targetHints":{"allow":["GET"]}}],"collection":[{"href":"http:\/\/folhadosudeste.com\/site\/index.php?rest_route=\/wp\/v2\/posts"}],"about":[{"href":"http:\/\/folhadosudeste.com\/site\/index.php?rest_route=\/wp\/v2\/types\/post"}],"author":[{"embeddable":true,"href":"http:\/\/folhadosudeste.com\/site\/index.php?rest_route=\/wp\/v2\/users\/6"}],"replies":[{"embeddable":true,"href":"http:\/\/folhadosudeste.com\/site\/index.php?rest_route=%2Fwp%2Fv2%2Fcomments&post=29346"}],"version-history":[{"count":1,"href":"http:\/\/folhadosudeste.com\/site\/index.php?rest_route=\/wp\/v2\/posts\/29346\/revisions"}],"predecessor-version":[{"id":29363,"href":"http:\/\/folhadosudeste.com\/site\/index.php?rest_route=\/wp\/v2\/posts\/29346\/revisions\/29363"}],"wp:featuredmedia":[{"embeddable":true,"href":"http:\/\/folhadosudeste.com\/site\/index.php?rest_route=\/wp\/v2\/media\/29347"}],"wp:attachment":[{"href":"http:\/\/folhadosudeste.com\/site\/index.php?rest_route=%2Fwp%2Fv2%2Fmedia&parent=29346"}],"wp:term":[{"taxonomy":"category","embeddable":true,"href":"http:\/\/folhadosudeste.com\/site\/index.php?rest_route=%2Fwp%2Fv2%2Fcategories&post=29346"},{"taxonomy":"post_tag","embeddable":true,"href":"http:\/\/folhadosudeste.com\/site\/index.php?rest_route=%2Fwp%2Fv2%2Ftags&post=29346"}],"curies":[{"name":"wp","href":"https:\/\/api.w.org\/{rel}","templated":true}]}}