{"id":29364,"date":"2016-12-09T11:56:09","date_gmt":"2016-12-09T11:56:09","guid":{"rendered":"http:\/\/folhadosudeste.com\/site\/?p=29364"},"modified":"2016-12-09T11:56:09","modified_gmt":"2016-12-09T11:56:09","slug":"formatura-dos-alunos-do-5o-ano-do-colegio-equipe","status":"publish","type":"post","link":"http:\/\/folhadosudeste.com\/site\/?p=29364","title":{"rendered":"Formatura dos alunos do 5\u00ba ano do Col\u00e9gio Equipe"},"content":{"rendered":"<p><a href=\"http:\/\/folhadosudeste.com\/site\/wp-content\/uploads\/2016\/12\/MAIOER.jpg\"><img loading=\"lazy\" decoding=\"async\" class=\"aligncenter wp-image-29365 size-full\" src=\"http:\/\/folhadosudeste.com\/site\/wp-content\/uploads\/2016\/12\/MAIOER.jpg\" alt=\"maioer\" width=\"800\" height=\"533\" srcset=\"http:\/\/folhadosudeste.com\/site\/wp-content\/uploads\/2016\/12\/MAIOER.jpg 800w, http:\/\/folhadosudeste.com\/site\/wp-content\/uploads\/2016\/12\/MAIOER-300x199.jpg 300w\" sizes=\"auto, (max-width: 800px) 100vw, 800px\" \/><\/a><\/p>\n<p>Os alunos do 5\u00ba ano do Col\u00e9gio Equipe festejaram a conclus\u00e3o desta importante etapa educacional, em uma solenidade especial realizada na noite da \u00faltima quarta (7\/11), no sal\u00e3o de festas da Ch\u00e1cara do Adelmo.<\/p>\n<p>Segundo Nininha, coordenadora pedag\u00f3gica do Col\u00e9gio Equipe, e tamb\u00e9m nova secret\u00e1ria de Educa\u00e7\u00e3o de Muria\u00e9, pelo 7\u00b0 ano consecutivo \u00e9 feita essa confraterniza\u00e7\u00e3o, uma brincadeira feita com os alunos e que n\u00e3o deixa de ser uma comemora\u00e7\u00e3o pelo encerramento do Ensino Fundamental. Este ano participaram tr\u00eas turmas: A, B e C, num total de 65 alunos, com o envolvimento de muitos professores, porque foram estudadas disciplinas separadas, j\u00e1 se preparando para o 6\u00b0 ano que iniciar\u00e3o em 2017. <em>\u201cTiveram professoras especializadas na \u00e1rea de L\u00edngua Portuguesa, Matem\u00e1tica &amp; Geometria, Reda\u00e7\u00e3o &amp; Literatura, Hist\u00f3ria, Ci\u00eancias, Geografia, Ingl\u00eas, Ed. F\u00edsica e agora eles est\u00e3o bem preparados para iniciar o ano letivo. Este per\u00edodo de transi\u00e7\u00e3o que fazemos com eles acontece de uma maneira bem tranquila, para que eles ingressem no 6\u00b0 ano com capacidade e responsabilidade. O mais importante hoje \u00e9 a quest\u00e3o da humaniza\u00e7\u00e3o, formarmos o aluno como um ser soci\u00e1vel, na sua totalidade, que seja \u00edntegro e de car\u00e1ter. Trabalhamos muito com isso, para que sejam crian\u00e7as aut\u00eanticas e futuros cidad\u00e3os respons\u00e1veis. \u00c9 um per\u00edodo de crescimento muito grande, em que as fam\u00edlias t\u00eam que saber as notas do filho e a participa\u00e7\u00e3o\u201d,<\/em> explica, lembrando tamb\u00e9m que o Col\u00e9gio Equipe completa 15 anos, uma hist\u00f3ria recente mas de uma perspectiva muito grande, com excelentes profissionais e resultados magn\u00edficos no ENEM.<\/p>\n<p>O diretor Magno Perim tamb\u00e9m falou da sua satisfa\u00e7\u00e3o com o encerramento de mais uma etapa vitoriosa dos alunos e refor\u00e7ou a import\u00e2ncia da fam\u00edlia, que ap\u00f3ia os estudantes e confia no trabalho de seriedade na educa\u00e7\u00e3o ofertado pelo o col\u00e9gio.<\/p>\n<p><img decoding=\"async\" class=\"ngg_displayed_gallery mceItem\" src=\"http:\/\/folhadosudeste.com\/site\/index.php\/nextgen-attach_to_post\/preview\/id--29388\" alt=\"\" \/><\/p>\n","protected":false},"excerpt":{"rendered":"<p>Os alunos do 5\u00ba ano do Col\u00e9gio Equipe festejaram a conclus\u00e3o desta importante etapa educacional, em uma solenidade especial realizada na noite da \u00faltima quarta (7\/11), no sal\u00e3o de festas da Ch\u00e1cara do Adelmo. Segundo Nininha, coordenadora pedag\u00f3gica do Col\u00e9gio Equipe, e tamb\u00e9m nova secret\u00e1ria de Educa\u00e7\u00e3o de Muria\u00e9, pelo 7\u00b0 ano consecutivo \u00e9 feita [&hellip;]<\/p>\n","protected":false},"author":6,"featured_media":29365,"comment_status":"open","ping_status":"closed","sticky":false,"template":"","format":"standard","meta":{"_joinchat":[],"footnotes":""},"categories":[1],"tags":[],"class_list":["post-29364","post","type-post","status-publish","format-standard","has-post-thumbnail","hentry","category-sem-categoria"],"_links":{"self":[{"href":"http:\/\/folhadosudeste.com\/site\/index.php?rest_route=\/wp\/v2\/posts\/29364","targetHints":{"allow":["GET"]}}],"collection":[{"href":"http:\/\/folhadosudeste.com\/site\/index.php?rest_route=\/wp\/v2\/posts"}],"about":[{"href":"http:\/\/folhadosudeste.com\/site\/index.php?rest_route=\/wp\/v2\/types\/post"}],"author":[{"embeddable":true,"href":"http:\/\/folhadosudeste.com\/site\/index.php?rest_route=\/wp\/v2\/users\/6"}],"replies":[{"embeddable":true,"href":"http:\/\/folhadosudeste.com\/site\/index.php?rest_route=%2Fwp%2Fv2%2Fcomments&post=29364"}],"version-history":[{"count":1,"href":"http:\/\/folhadosudeste.com\/site\/index.php?rest_route=\/wp\/v2\/posts\/29364\/revisions"}],"predecessor-version":[{"id":29389,"href":"http:\/\/folhadosudeste.com\/site\/index.php?rest_route=\/wp\/v2\/posts\/29364\/revisions\/29389"}],"wp:featuredmedia":[{"embeddable":true,"href":"http:\/\/folhadosudeste.com\/site\/index.php?rest_route=\/wp\/v2\/media\/29365"}],"wp:attachment":[{"href":"http:\/\/folhadosudeste.com\/site\/index.php?rest_route=%2Fwp%2Fv2%2Fmedia&parent=29364"}],"wp:term":[{"taxonomy":"category","embeddable":true,"href":"http:\/\/folhadosudeste.com\/site\/index.php?rest_route=%2Fwp%2Fv2%2Fcategories&post=29364"},{"taxonomy":"post_tag","embeddable":true,"href":"http:\/\/folhadosudeste.com\/site\/index.php?rest_route=%2Fwp%2Fv2%2Ftags&post=29364"}],"curies":[{"name":"wp","href":"https:\/\/api.w.org\/{rel}","templated":true}]}}