{"id":29390,"date":"2016-12-09T11:58:25","date_gmt":"2016-12-09T11:58:25","guid":{"rendered":"http:\/\/folhadosudeste.com\/site\/?p=29390"},"modified":"2016-12-09T11:58:25","modified_gmt":"2016-12-09T11:58:25","slug":"formatura-do-2-periodo-da-educacao-infantil-da-escola-sao-paulo","status":"publish","type":"post","link":"http:\/\/folhadosudeste.com\/site\/?p=29390","title":{"rendered":"Formatura do 2\u00b0 Per\u00edodo da Educa\u00e7\u00e3o Infantil da Escola S\u00e3o Paulo"},"content":{"rendered":"<p><a href=\"http:\/\/folhadosudeste.com\/site\/wp-content\/uploads\/2016\/12\/MAIOR10.jpg\"><img loading=\"lazy\" decoding=\"async\" class=\"aligncenter wp-image-29391 size-full\" src=\"http:\/\/folhadosudeste.com\/site\/wp-content\/uploads\/2016\/12\/MAIOR10.jpg\" alt=\"maior\" width=\"800\" height=\"533\" srcset=\"http:\/\/folhadosudeste.com\/site\/wp-content\/uploads\/2016\/12\/MAIOR10.jpg 800w, http:\/\/folhadosudeste.com\/site\/wp-content\/uploads\/2016\/12\/MAIOR10-300x199.jpg 300w\" sizes=\"auto, (max-width: 800px) 100vw, 800px\" \/><\/a><\/p>\n<p>Foi realizada, na sexta feira 2 de novembro, no Teatro Zaccaria Marques, a Formatura dos alunos do 2\u00b0 Per\u00edodo da Educa\u00e7\u00e3o Infantil da Escola S\u00e3o Paulo, com a presen\u00e7a dos pais e familiares das crian\u00e7as, que elogiaram muito o trabalho da escola, a pe\u00e7a apresentada e todo o comprometimento e seriedade demonstrados com a educa\u00e7\u00e3o e promo\u00e7\u00e3o de cidadania de seus alunos, desde as s\u00e9ries iniciais. Al\u00e9m da apresenta\u00e7\u00e3o falada e cantada pelos alunos, prosseguiu com as tradicionais homenagens.<\/p>\n<p>Segundo Carla Beatriz Pacheco Novaes, o tema este ano foi o \u2018Pluft, o Fantasminha\u2019 um personagem que tinha medo das pessoas. Os alunos encenaram o cl\u00e1ssico de maneira bel\u00edssima e emocionaram todo o p\u00fablico presente. <em>\u201cAs formaturas da Escola S\u00e3o Paulo s\u00e3o espetaculares e as crian\u00e7as entre 5 e\u00a0 6 anos sempre fazem bonito. A professora regente \u00e9 Aline Tom\u00e9 e a monitora \u00e9 a Amanda. Elas s\u00e3o as grandes respons\u00e1veis pelo espet\u00e1culo, para termos este resultado que nos deixou t\u00e3o felizes. As crian\u00e7as est\u00e3o saindo alfabetizadas, lendo e escrevendo, e com a forma\u00e7\u00e3o da personalidade. Com esse contato de todo ano e essa bela mensagem na pe\u00e7a teatral, eles comprovaram que os valores que realmente importam na vida n\u00e3o s\u00e3o as coisas materiais, e sim Deus, a fam\u00edlia e os amigos\u201d, <\/em>analisa.<\/p>\n<p>Para Aline Tom\u00e9 Barros de Oliveira Lima, professora do 2\u00b0 per\u00edodo, essa \u00e9 uma pe\u00e7a muito rica. Por\u00e9m, ela revela que no primeiro momento, quando foi anunciado o tema, ficou um pouco ansiosa, mas os medos foram sendo vencidos. A partir da\u00ed, apresentou historinhas, de forma cativante, e no total foram mais ou menos 6 meses de prepara\u00e7\u00e3o. <em>\u201cOrganizei um roteiro, li o livro e fizemos a adapta\u00e7\u00e3o, dentro de uma linguagem infantil, algo n\u00e3o assustador. O resultado foi muito bom e a mensagem passada \u00e9 a de que temos vencer nossos medos e dar valor \u00e0s coisas importantes. As crian\u00e7as n\u00e3o erraram nada, elas realmente seguraram at\u00e9 o final. N\u00e3o foi nada de \u00faltima hora. Est\u00e1vamos preparando para essa festa e j\u00e1 tenho experi\u00eancias com formaturas\u201d, <\/em>completa.<\/p>\n<p>O Diretor Jos\u00e9 Nicodemos Couto, emocionado agradeceu a presen\u00e7a dos pais e familiares, pela confian\u00e7a depositada na Escola e nos professores e mostrou sua satisfa\u00e7\u00e3o em mais um momento marcante em que a Institui\u00e7\u00e3o cumpre seu dever de preparar seus alunos para novos desafios, que doravante ter\u00e3o pela frente.<\/p>\n<p><img decoding=\"async\" class=\"ngg_displayed_gallery mceItem\" src=\"http:\/\/folhadosudeste.com\/site\/index.php\/nextgen-attach_to_post\/preview\/id--29426\" alt=\"\" \/><\/p>\n","protected":false},"excerpt":{"rendered":"<p>Foi realizada, na sexta feira 2 de novembro, no Teatro Zaccaria Marques, a Formatura dos alunos do 2\u00b0 Per\u00edodo da Educa\u00e7\u00e3o Infantil da Escola S\u00e3o Paulo, com a presen\u00e7a dos pais e familiares das crian\u00e7as, que elogiaram muito o trabalho da escola, a pe\u00e7a apresentada e todo o comprometimento e seriedade demonstrados com a educa\u00e7\u00e3o [&hellip;]<\/p>\n","protected":false},"author":6,"featured_media":29391,"comment_status":"open","ping_status":"closed","sticky":false,"template":"","format":"standard","meta":{"_joinchat":[],"footnotes":""},"categories":[1],"tags":[],"class_list":["post-29390","post","type-post","status-publish","format-standard","has-post-thumbnail","hentry","category-sem-categoria"],"_links":{"self":[{"href":"http:\/\/folhadosudeste.com\/site\/index.php?rest_route=\/wp\/v2\/posts\/29390","targetHints":{"allow":["GET"]}}],"collection":[{"href":"http:\/\/folhadosudeste.com\/site\/index.php?rest_route=\/wp\/v2\/posts"}],"about":[{"href":"http:\/\/folhadosudeste.com\/site\/index.php?rest_route=\/wp\/v2\/types\/post"}],"author":[{"embeddable":true,"href":"http:\/\/folhadosudeste.com\/site\/index.php?rest_route=\/wp\/v2\/users\/6"}],"replies":[{"embeddable":true,"href":"http:\/\/folhadosudeste.com\/site\/index.php?rest_route=%2Fwp%2Fv2%2Fcomments&post=29390"}],"version-history":[{"count":1,"href":"http:\/\/folhadosudeste.com\/site\/index.php?rest_route=\/wp\/v2\/posts\/29390\/revisions"}],"predecessor-version":[{"id":29427,"href":"http:\/\/folhadosudeste.com\/site\/index.php?rest_route=\/wp\/v2\/posts\/29390\/revisions\/29427"}],"wp:featuredmedia":[{"embeddable":true,"href":"http:\/\/folhadosudeste.com\/site\/index.php?rest_route=\/wp\/v2\/media\/29391"}],"wp:attachment":[{"href":"http:\/\/folhadosudeste.com\/site\/index.php?rest_route=%2Fwp%2Fv2%2Fmedia&parent=29390"}],"wp:term":[{"taxonomy":"category","embeddable":true,"href":"http:\/\/folhadosudeste.com\/site\/index.php?rest_route=%2Fwp%2Fv2%2Fcategories&post=29390"},{"taxonomy":"post_tag","embeddable":true,"href":"http:\/\/folhadosudeste.com\/site\/index.php?rest_route=%2Fwp%2Fv2%2Ftags&post=29390"}],"curies":[{"name":"wp","href":"https:\/\/api.w.org\/{rel}","templated":true}]}}