{"id":29429,"date":"2016-12-09T12:01:35","date_gmt":"2016-12-09T12:01:35","guid":{"rendered":"http:\/\/folhadosudeste.com\/site\/?p=29429"},"modified":"2016-12-09T12:01:35","modified_gmt":"2016-12-09T12:01:35","slug":"aniversario-do-nac-89-anos-de-historia-do-glorioso-time-muriaeense","status":"publish","type":"post","link":"http:\/\/folhadosudeste.com\/site\/?p=29429","title":{"rendered":"Anivers\u00e1rio do NAC: 89 anos de hist\u00f3ria do glorioso time muriaeense"},"content":{"rendered":"<p><a href=\"http:\/\/folhadosudeste.com\/site\/wp-content\/uploads\/2016\/12\/MAIOR11.jpg\"><img loading=\"lazy\" decoding=\"async\" class=\"aligncenter wp-image-29430 size-full\" src=\"http:\/\/folhadosudeste.com\/site\/wp-content\/uploads\/2016\/12\/MAIOR11.jpg\" alt=\"maior\" width=\"703\" height=\"270\" srcset=\"http:\/\/folhadosudeste.com\/site\/wp-content\/uploads\/2016\/12\/MAIOR11.jpg 703w, http:\/\/folhadosudeste.com\/site\/wp-content\/uploads\/2016\/12\/MAIOR11-300x115.jpg 300w\" sizes=\"auto, (max-width: 703px) 100vw, 703px\" \/><\/a><\/p>\n<p>O Nacional Atl\u00e9tico Clube de Muria\u00e9 (NAC) fez a festa em um grande evento, realizado no Restaurante e Pizzaria Serra do Sol do SESC, com a participa\u00e7\u00e3o de mais de 600 pessoas, durante as comemora\u00e7\u00f5es que marcam seus 89 anos de hist\u00f3ria, na noite da \u00faltima quinta (1\u00ba\/11). Foi feita a apresenta\u00e7\u00e3o do elenco profissional; Programa do S\u00f3cio Torcedor; novos patrocinadores; Projeto para a Base 2017; produtos da Loja Oficial; do \u00d4nibus Personalizado do Clube e do material esportivo de todas as suas atividades.<\/p>\n<p>Estiveram presentes muitos torcedores, ex-jogadores, o t\u00e9cnico de futebol que passou pelo NAC, Marco Aur\u00e9lio, radialistas que acompanharam a trajet\u00f3ria da equipe durante seus anos de gl\u00f3ria, ex-presidentes; o presidente do Tombense, Lanne Gaviolle, entre outros. Foi passada uma mensagem da cidade de Nova Lima, do presidente do Villa Nova, M\u00e1rcio Botelho, confirmando a parceira NAC \/ Villa, refor\u00e7ada pelo presidente do Nacional, Jos\u00e9 Geraldo Pimentel da Rocha, elogiando o muriaeense que mora naquela cidade e assume o clube.<\/p>\n<p>A ocasi\u00e3o n\u00e3o foi s\u00f3 de festejos, mas tamb\u00e9m foi respeitado um minuto de silencio em respeito \u00e0 equipe do Chapecoense, cuja comitiva viajava em um avi\u00e3o para participar de uma final de campeonato, mas infelizmente o ve\u00edculo a\u00e9reo sofreu um acidente e 71 passageiros morreram, sobrando apenas seis sobreviventes.<\/p>\n<p>Para Jos\u00e9 Geraldo (atual presidente do NAC), \u00e9 um momento para ficar marcado no futebol de Muria\u00e9 e tanto a torcida de Muria\u00e9 quanto a diretoria do Nacional, a Comiss\u00e3o T\u00e9cnica e os jogadores merecem isso que est\u00e1 acontecendo hoje. <em>\u201c\u00c9 resultado do trabalho de um ano \u00e0 frente do Nacional e \u00e9 uma grande alegria ver os frutos serem colhidos. Agrade\u00e7o minha fam\u00edlia e as empresas que sempre me apoiaram. A diretoria do Nacional anteriormente fez um bel\u00edssimo trabalho e cada um d\u00e1 sua contribui\u00e7\u00e3o. Esse evento \u00e9 tamb\u00e9m uma homenagem \u00e0 Chapecoense, em virtude da trag\u00e9dia que aconteceu\u201d, <\/em>explica.<\/p>\n<p>Para Marco Aur\u00e9lio (t\u00e9cnico de futebol), foi uma oportunidade de prestigiar os amigos e tudo que o Nacional fez por ele durante sua carreira. <em>\u201cSinto feliz em participar dessa festa. A cidade de Muria\u00e9 merece ter atletismo e lazer. Com todos trabalhando juntos, o Nacional consegue formar uma equipe boa e aproveitamos o momento para homenagear a Chapecoense\u201d, <\/em>refor\u00e7a.<\/p>\n<p>De acordo com Jacy de Oliveira Junior, todos sabem que o Nacional \u00e9 uma grande paix\u00e3o futebol\u00edstica que ele tem em toda sua vida, desde os 9 anos de idade, quando veio morar na porta do clube. <em>\u201cTor\u00e7o e sinto um orgulho tremendo do NAC, principalmente por Muria\u00e9, que passou a ser reconhecida em muitos pontos no Brasil. S\u00e3o 89 anos comemorados no dia 25 de dezembro e \u00e9 um motivo de grande festejo\u201d,<\/em> garante.<\/p>\n<p>Dornele (ex-presidente do NAC) declarou ser uma satisfa\u00e7\u00e3o muito grande comemorar com o clube, o qual acredita estar muito bem dirigido. <em>\u201cCom o Jos\u00e9 Geraldo est\u00e1 em boas m\u00e3os, tenho certeza que vamos conseguir aquilo que sempre sonhamos. Sabemos que o futebol est\u00e1 em luto, mas tamb\u00e9m n\u00e3o poder\u00edamos de deixar de homenagear o Chapecoense\u201d, <\/em>acrescenta. Ele lembrou que este \u00e9 um momento especial para toda popula\u00e7\u00e3o muriaeense: o lan\u00e7amento do S\u00f3cio-Torcedor.<\/p>\n<p>Segundo Flavinho Amaral (Diretoria do NAC), o Nacional \u00e9 um exemplo n\u00e3o s\u00f3 para a cidade, mas para todos os torcedores. <em>\u201cEstou muito feliz de estar aqui. Agora \u00e9 festa e torcer para o NAC subir para a 1\u00b0 divis\u00e3o. A trag\u00e9dia que aconteceu mexeu com todos n\u00f3s, seres humanos, e aproveitamos para pedir a Deus que conforte as fam\u00edlias. Esse momento nunca ser\u00e1 esquecido\u201d,<\/em> completa.<\/p>\n<p>Jos\u00e9 Geraldo explica que o evento teve como um dos objetivos principais fazer o torcedor gostar do time e mostrar para a equipe a responsabilidade que ter\u00e3o em 2017. <em>\u201cProva disso \u00e9 o torcedor. Mais de 500 pessoas estiveram presentes no evento. Agradecemos a todos, de cora\u00e7\u00e3o. \u00c9 muito gratificante para n\u00f3s. Quando entrei no Nacional, procurei diminuir despesas e gra\u00e7as a Deus temos conquistado nossos objetivos\u201d,<\/em> finaliza.<\/p>\n<p><img decoding=\"async\" class=\"ngg_displayed_gallery mceItem\" src=\"http:\/\/folhadosudeste.com\/site\/index.php\/nextgen-attach_to_post\/preview\/id--29477\" alt=\"\" \/><\/p>\n","protected":false},"excerpt":{"rendered":"<p>O Nacional Atl\u00e9tico Clube de Muria\u00e9 (NAC) fez a festa em um grande evento, realizado no Restaurante e Pizzaria Serra do Sol do SESC, com a participa\u00e7\u00e3o de mais de 600 pessoas, durante as comemora\u00e7\u00f5es que marcam seus 89 anos de hist\u00f3ria, na noite da \u00faltima quinta (1\u00ba\/11). Foi feita a apresenta\u00e7\u00e3o do elenco profissional; [&hellip;]<\/p>\n","protected":false},"author":6,"featured_media":29430,"comment_status":"open","ping_status":"closed","sticky":false,"template":"","format":"standard","meta":{"_joinchat":[],"footnotes":""},"categories":[1],"tags":[],"class_list":["post-29429","post","type-post","status-publish","format-standard","has-post-thumbnail","hentry","category-sem-categoria"],"_links":{"self":[{"href":"http:\/\/folhadosudeste.com\/site\/index.php?rest_route=\/wp\/v2\/posts\/29429","targetHints":{"allow":["GET"]}}],"collection":[{"href":"http:\/\/folhadosudeste.com\/site\/index.php?rest_route=\/wp\/v2\/posts"}],"about":[{"href":"http:\/\/folhadosudeste.com\/site\/index.php?rest_route=\/wp\/v2\/types\/post"}],"author":[{"embeddable":true,"href":"http:\/\/folhadosudeste.com\/site\/index.php?rest_route=\/wp\/v2\/users\/6"}],"replies":[{"embeddable":true,"href":"http:\/\/folhadosudeste.com\/site\/index.php?rest_route=%2Fwp%2Fv2%2Fcomments&post=29429"}],"version-history":[{"count":1,"href":"http:\/\/folhadosudeste.com\/site\/index.php?rest_route=\/wp\/v2\/posts\/29429\/revisions"}],"predecessor-version":[{"id":29478,"href":"http:\/\/folhadosudeste.com\/site\/index.php?rest_route=\/wp\/v2\/posts\/29429\/revisions\/29478"}],"wp:featuredmedia":[{"embeddable":true,"href":"http:\/\/folhadosudeste.com\/site\/index.php?rest_route=\/wp\/v2\/media\/29430"}],"wp:attachment":[{"href":"http:\/\/folhadosudeste.com\/site\/index.php?rest_route=%2Fwp%2Fv2%2Fmedia&parent=29429"}],"wp:term":[{"taxonomy":"category","embeddable":true,"href":"http:\/\/folhadosudeste.com\/site\/index.php?rest_route=%2Fwp%2Fv2%2Fcategories&post=29429"},{"taxonomy":"post_tag","embeddable":true,"href":"http:\/\/folhadosudeste.com\/site\/index.php?rest_route=%2Fwp%2Fv2%2Ftags&post=29429"}],"curies":[{"name":"wp","href":"https:\/\/api.w.org\/{rel}","templated":true}]}}