{"id":29479,"date":"2016-12-09T12:05:25","date_gmt":"2016-12-09T12:05:25","guid":{"rendered":"http:\/\/folhadosudeste.com\/site\/?p=29479"},"modified":"2016-12-09T12:05:25","modified_gmt":"2016-12-09T12:05:25","slug":"cdl-promove-palestra-ministrada-por-clovis-de-barros","status":"publish","type":"post","link":"http:\/\/folhadosudeste.com\/site\/?p=29479","title":{"rendered":"CDL promove palestra ministrada por Cl\u00f3vis de Barros"},"content":{"rendered":"<p><a href=\"http:\/\/folhadosudeste.com\/site\/wp-content\/uploads\/2016\/12\/MAIOR12.jpg\"><img loading=\"lazy\" decoding=\"async\" class=\"aligncenter wp-image-29480 size-full\" src=\"http:\/\/folhadosudeste.com\/site\/wp-content\/uploads\/2016\/12\/MAIOR12.jpg\" alt=\"maior\" width=\"800\" height=\"307\" srcset=\"http:\/\/folhadosudeste.com\/site\/wp-content\/uploads\/2016\/12\/MAIOR12.jpg 800w, http:\/\/folhadosudeste.com\/site\/wp-content\/uploads\/2016\/12\/MAIOR12-300x115.jpg 300w\" sizes=\"auto, (max-width: 800px) 100vw, 800px\" \/><\/a><\/p>\n<p>A C\u00e2mara dos Dirigentes Lojistas (CDL Muria\u00e9) promoveu, no dia 5 de dezembro, no Anfiteatro Santa Marcelina, mais uma grande palestra para empres\u00e1rios de Muria\u00e9, regi\u00e3o e seus colaboradores, ministrada por Cl\u00f3vis de Barros Filho, um dos melhores palestrantes do Brasil. Segundo o presidente da CDL Muria\u00e9, Leandro Latini Veiga, a entidade j\u00e1 vinha h\u00e1 algum tempo buscando um palestrante com renome nacional e at\u00e9 internacional. Esse ano deu certo, depois de muito tempo, podendo presentear a cidade com uma palestra dessa magnitude. Ele acredita que 2016 n\u00e3o foi um ano muito f\u00e1cil, por isso \u00e9 sempre bom trazer palavras que possam incentivar os empres\u00e1rios, especialmente nesse final de ano, para que possam aproveitar o dezembro, que \u00e9 um m\u00eas comercialmente melhor que os outros. <em>\u201c\u00c9 importante eles estarem mais motivados, escutar palavras s\u00e1bias de algu\u00e9m que est\u00e1 viajando pelo Brasil, passando conhecimentos novos, tanto para nossos empres\u00e1rios quanto para os colaboradores. Ficamos um pouco limitados de atuar diretamente nas empresas, e num momento at\u00e9 mais delicado, mas o que podemos fazer \u00e9 isso: trazer treinamento, buscar solu\u00e7\u00f5es para que as empresas consigam desenvolver melhor seu trabalho. Apesar de todas as dificuldades do ano, fizemos nossa parte, nos empenhamos bastante. Principalmente nossa diretoria, que apesar de ser toda volunt\u00e1ria, \u00e9 atuante, com nossos colaboradores se dedicando. E nada disso teria acontecido sem os associados, se fosse somente a administra\u00e7\u00e3o. A CDL \u00e9 um \u00f3rg\u00e3o que nasceu da uni\u00e3o de todos os empres\u00e1rios\u201d,<\/em> explica.<\/p>\n<p>Galv\u00e3o Emerick, Analista T\u00e9cnico do Sebrae \u2013 micro regi\u00e3o de Muria\u00e9, lembra que Cl\u00f3vis de Barros Filho \u00e9 um dos palestrantes mais requisitados no cen\u00e1rio nacional, por trazer uma mensagem de otimismo, motiva\u00e7\u00e3o e realista, diante as situa\u00e7\u00f5es da vida. E isso tem tudo a ver com empreendedorismo, com iniciativa, liberdade e motiva\u00e7\u00e3o, gerando bons resultados para as empresas, no dia-a-dia, e atitudes melhores para a vida pessoal e profissional de cada um. <em>\u201cO grande objetivo \u00e9 motivar o empresariado e colaboradores para que produzam e d\u00eaem resultados mais satisfat\u00f3rios. E que tudo isso esteja aliado \u00e0s posturas que eles t\u00eam na vida, dando melhor qualidade de vida. Tamb\u00e9m tem tudo a ver com o final de ano, momento em que as pessoas precisam estar mais energizadas, ter um posicionamento mais positivo diante da vida, um momento que refazemos os planos, fazemos um balan\u00e7o do ano superado, para saber o que melhorar daqui pra frente\u201d,<\/em> completa.<\/p>\n<p>O palestrante Cl\u00f3vis de Barros Filho, revelou que seu objetivo \u00e9 justamente isso: fazer refletir sobre os valores da vida, mesmo com um p\u00fablico muito diversificado. <em>\u201cA motiva\u00e7\u00e3o dos empres\u00e1rios em primeiro lugar \u00e9 o lucro, em segundo atender a sociedade da melhor maneira poss\u00edvel e em terceiro fazer os colaboradores trabalharem com alegria e efici\u00eancia. Isso \u00e9 um desafio grande. Falo muito sobre \u00e9tica, porque ensinei essa disciplina por 30 anos em uma faculdade. A educa\u00e7\u00e3o tem um papel importante na forma\u00e7\u00e3o moral das pessoas, uma sociedade em que todos estejam acostumados a respeitar os outros. A chance da pessoa seguir isso \u00e9 maior do que em uma sociedade em que todos s\u00f3 pensam em si mesmos\u201d,<\/em> finaliza.<\/p>\n<p>A C\u00e2mara dos Dirigentes Lojistas (CDL Muria\u00e9) promoveu, no dia 5 de dezembro, no Anfiteatro Santa Marcelina, mais uma grande palestra para empres\u00e1rios de Muria\u00e9, regi\u00e3o e seus colaboradores, ministrada por Cl\u00f3vis de Barros Filho, um dos melhores palestrantes do Brasil. Segundo o presidente da CDL Muria\u00e9, Leandro Latini Veiga, a entidade j\u00e1 vinha h\u00e1 algum tempo buscando um palestrante com renome nacional e at\u00e9 internacional. Esse ano deu certo, depois de muito tempo, podendo presentear a cidade com uma palestra dessa magnitude. Ele acredita que 2016 n\u00e3o foi um ano muito f\u00e1cil, por isso \u00e9 sempre bom trazer palavras que possam incentivar os empres\u00e1rios, especialmente nesse final de ano, para que possam aproveitar o dezembro, que \u00e9 um m\u00eas comercialmente melhor que os outros. <em>\u201c\u00c9 importante eles estarem mais motivados, escutar palavras s\u00e1bias de algu\u00e9m que est\u00e1 viajando pelo Brasil, passando conhecimentos novos, tanto para nossos empres\u00e1rios quanto para os colaboradores. Ficamos um pouco limitados de atuar diretamente nas empresas, e num momento at\u00e9 mais delicado, mas o que podemos fazer \u00e9 isso: trazer treinamento, buscar solu\u00e7\u00f5es para que as empresas consigam desenvolver melhor seu trabalho. Apesar de todas as dificuldades do ano, fizemos nossa parte, nos empenhamos bastante. Principalmente nossa diretoria, que apesar de ser toda volunt\u00e1ria, \u00e9 atuante, com nossos colaboradores se dedicando. E nada disso teria acontecido sem os associados, se fosse somente a administra\u00e7\u00e3o. A CDL \u00e9 um \u00f3rg\u00e3o que nasceu da uni\u00e3o de todos os empres\u00e1rios\u201d,<\/em> explica.<\/p>\n<p>Galv\u00e3o Emerick, Analista T\u00e9cnico do Sebrae \u2013 micro regi\u00e3o de Muria\u00e9, lembra que Cl\u00f3vis de Barros Filho \u00e9 um dos palestrantes mais requisitados no cen\u00e1rio nacional, por trazer uma mensagem de otimismo, motiva\u00e7\u00e3o e realista, diante as situa\u00e7\u00f5es da vida. E isso tem tudo a ver com empreendedorismo, com iniciativa, liberdade e motiva\u00e7\u00e3o, gerando bons resultados para as empresas, no dia-a-dia, e atitudes melhores para a vida pessoal e profissional de cada um. <em>\u201cO grande objetivo \u00e9 motivar o empresariado e colaboradores para que produzam e d\u00eaem resultados mais satisfat\u00f3rios. E que tudo isso esteja aliado \u00e0s posturas que eles t\u00eam na vida, dando melhor qualidade de vida. Tamb\u00e9m tem tudo a ver com o final de ano, momento em que as pessoas precisam estar mais energizadas, ter um posicionamento mais positivo diante da vida, um momento que refazemos os planos, fazemos um balan\u00e7o do ano superado, para saber o que melhorar daqui pra frente\u201d,<\/em> completa.<\/p>\n<p>O palestrante Cl\u00f3vis de Barros Filho, revelou que seu objetivo \u00e9 justamente isso: fazer refletir sobre os valores da vida, mesmo com um p\u00fablico muito diversificado. <em>\u201cA motiva\u00e7\u00e3o dos empres\u00e1rios em primeiro lugar \u00e9 o lucro, em segundo atender a sociedade da melhor maneira poss\u00edvel e em terceiro fazer os colaboradores trabalharem com alegria e efici\u00eancia. Isso \u00e9 um desafio grande. Falo muito sobre \u00e9tica, porque ensinei essa disciplina por 30 anos em uma faculdade. A educa\u00e7\u00e3o tem um papel importante na forma\u00e7\u00e3o moral das pessoas, uma sociedade em que todos estejam acostumados a respeitar os outros. A chance da pessoa seguir isso \u00e9 maior do que em uma sociedade em que todos s\u00f3 pensam em si mesmos\u201d,<\/em> finaliza.<\/p>\n<p><img decoding=\"async\" class=\"ngg_displayed_gallery mceItem\" src=\"http:\/\/folhadosudeste.com\/site\/index.php\/nextgen-attach_to_post\/preview\/id--29497\" alt=\"\" \/><\/p>\n","protected":false},"excerpt":{"rendered":"<p>A C\u00e2mara dos Dirigentes Lojistas (CDL Muria\u00e9) promoveu, no dia 5 de dezembro, no Anfiteatro Santa Marcelina, mais uma grande palestra para empres\u00e1rios de Muria\u00e9, regi\u00e3o e seus colaboradores, ministrada por Cl\u00f3vis de Barros Filho, um dos melhores palestrantes do Brasil. Segundo o presidente da CDL Muria\u00e9, Leandro Latini Veiga, a entidade j\u00e1 vinha h\u00e1 [&hellip;]<\/p>\n","protected":false},"author":6,"featured_media":29480,"comment_status":"open","ping_status":"closed","sticky":false,"template":"","format":"standard","meta":{"_joinchat":[],"footnotes":""},"categories":[1],"tags":[],"class_list":["post-29479","post","type-post","status-publish","format-standard","has-post-thumbnail","hentry","category-sem-categoria"],"_links":{"self":[{"href":"http:\/\/folhadosudeste.com\/site\/index.php?rest_route=\/wp\/v2\/posts\/29479","targetHints":{"allow":["GET"]}}],"collection":[{"href":"http:\/\/folhadosudeste.com\/site\/index.php?rest_route=\/wp\/v2\/posts"}],"about":[{"href":"http:\/\/folhadosudeste.com\/site\/index.php?rest_route=\/wp\/v2\/types\/post"}],"author":[{"embeddable":true,"href":"http:\/\/folhadosudeste.com\/site\/index.php?rest_route=\/wp\/v2\/users\/6"}],"replies":[{"embeddable":true,"href":"http:\/\/folhadosudeste.com\/site\/index.php?rest_route=%2Fwp%2Fv2%2Fcomments&post=29479"}],"version-history":[{"count":1,"href":"http:\/\/folhadosudeste.com\/site\/index.php?rest_route=\/wp\/v2\/posts\/29479\/revisions"}],"predecessor-version":[{"id":29498,"href":"http:\/\/folhadosudeste.com\/site\/index.php?rest_route=\/wp\/v2\/posts\/29479\/revisions\/29498"}],"wp:featuredmedia":[{"embeddable":true,"href":"http:\/\/folhadosudeste.com\/site\/index.php?rest_route=\/wp\/v2\/media\/29480"}],"wp:attachment":[{"href":"http:\/\/folhadosudeste.com\/site\/index.php?rest_route=%2Fwp%2Fv2%2Fmedia&parent=29479"}],"wp:term":[{"taxonomy":"category","embeddable":true,"href":"http:\/\/folhadosudeste.com\/site\/index.php?rest_route=%2Fwp%2Fv2%2Fcategories&post=29479"},{"taxonomy":"post_tag","embeddable":true,"href":"http:\/\/folhadosudeste.com\/site\/index.php?rest_route=%2Fwp%2Fv2%2Ftags&post=29479"}],"curies":[{"name":"wp","href":"https:\/\/api.w.org\/{rel}","templated":true}]}}