{"id":29562,"date":"2016-12-13T12:47:27","date_gmt":"2016-12-13T12:47:27","guid":{"rendered":"http:\/\/folhadosudeste.com\/site\/?p=29562"},"modified":"2016-12-13T12:47:27","modified_gmt":"2016-12-13T12:47:27","slug":"um-acidente-envolve-tres-veiculos-na-barra","status":"publish","type":"post","link":"http:\/\/folhadosudeste.com\/site\/?p=29562","title":{"rendered":"Um acidente envolve tr\u00eas ve\u00edculos na Barra"},"content":{"rendered":"<p><a href=\"http:\/\/folhadosudeste.com\/site\/wp-content\/uploads\/2016\/12\/a8da9bea-bbf0-47e6-ae13-0aef0117d9bf-Copy.jpg\"><img loading=\"lazy\" decoding=\"async\" class=\"aligncenter wp-image-29563 size-full\" src=\"http:\/\/folhadosudeste.com\/site\/wp-content\/uploads\/2016\/12\/a8da9bea-bbf0-47e6-ae13-0aef0117d9bf-Copy.jpg\" alt=\"a8da9bea-bbf0-47e6-ae13-0aef0117d9bf-copy\" width=\"620\" height=\"372\" srcset=\"http:\/\/folhadosudeste.com\/site\/wp-content\/uploads\/2016\/12\/a8da9bea-bbf0-47e6-ae13-0aef0117d9bf-Copy.jpg 620w, http:\/\/folhadosudeste.com\/site\/wp-content\/uploads\/2016\/12\/a8da9bea-bbf0-47e6-ae13-0aef0117d9bf-Copy-300x180.jpg 300w\" sizes=\"auto, (max-width: 620px) 100vw, 620px\" \/><\/a><\/p>\n<p>A PM de Muria\u00e9 registrou um acidente envolvendo tr\u00eas autom\u00f3veis no come\u00e7o de tarde desta segunda-feira. O acidente com os ve\u00edculos Gol, uma Toyota Etios e um Celta acontece na Monteiro de Castro e segundo informa\u00e7\u00f5es colhidas no local com populares que viram o momento do choque, o ve\u00edculo, um Gol que saia de uma rua acabou atingindo o ve\u00edculo Toyota Etios que atingiu o Celta, que estava estacionado. Ningu\u00e9m\u00a0teria ficado ferido. As causas do acidente ser\u00e3o apuradas pelas autoridades.<\/p>\n<p><img decoding=\"async\" class=\"ngg_displayed_gallery mceItem\" src=\"http:\/\/folhadosudeste.com\/site\/index.php\/nextgen-attach_to_post\/preview\/id--29572\" alt=\"\" \/><\/p>\n","protected":false},"excerpt":{"rendered":"<p>A PM de Muria\u00e9 registrou um acidente envolvendo tr\u00eas autom\u00f3veis no come\u00e7o de tarde desta segunda-feira. O acidente com os ve\u00edculos Gol, uma Toyota Etios e um Celta acontece na Monteiro de Castro e segundo informa\u00e7\u00f5es colhidas no local com populares que viram o momento do choque, o ve\u00edculo, um Gol que saia de uma [&hellip;]<\/p>\n","protected":false},"author":6,"featured_media":29563,"comment_status":"open","ping_status":"closed","sticky":false,"template":"","format":"standard","meta":{"_joinchat":[],"footnotes":""},"categories":[1],"tags":[],"class_list":["post-29562","post","type-post","status-publish","format-standard","has-post-thumbnail","hentry","category-sem-categoria"],"_links":{"self":[{"href":"http:\/\/folhadosudeste.com\/site\/index.php?rest_route=\/wp\/v2\/posts\/29562","targetHints":{"allow":["GET"]}}],"collection":[{"href":"http:\/\/folhadosudeste.com\/site\/index.php?rest_route=\/wp\/v2\/posts"}],"about":[{"href":"http:\/\/folhadosudeste.com\/site\/index.php?rest_route=\/wp\/v2\/types\/post"}],"author":[{"embeddable":true,"href":"http:\/\/folhadosudeste.com\/site\/index.php?rest_route=\/wp\/v2\/users\/6"}],"replies":[{"embeddable":true,"href":"http:\/\/folhadosudeste.com\/site\/index.php?rest_route=%2Fwp%2Fv2%2Fcomments&post=29562"}],"version-history":[{"count":1,"href":"http:\/\/folhadosudeste.com\/site\/index.php?rest_route=\/wp\/v2\/posts\/29562\/revisions"}],"predecessor-version":[{"id":29573,"href":"http:\/\/folhadosudeste.com\/site\/index.php?rest_route=\/wp\/v2\/posts\/29562\/revisions\/29573"}],"wp:featuredmedia":[{"embeddable":true,"href":"http:\/\/folhadosudeste.com\/site\/index.php?rest_route=\/wp\/v2\/media\/29563"}],"wp:attachment":[{"href":"http:\/\/folhadosudeste.com\/site\/index.php?rest_route=%2Fwp%2Fv2%2Fmedia&parent=29562"}],"wp:term":[{"taxonomy":"category","embeddable":true,"href":"http:\/\/folhadosudeste.com\/site\/index.php?rest_route=%2Fwp%2Fv2%2Fcategories&post=29562"},{"taxonomy":"post_tag","embeddable":true,"href":"http:\/\/folhadosudeste.com\/site\/index.php?rest_route=%2Fwp%2Fv2%2Ftags&post=29562"}],"curies":[{"name":"wp","href":"https:\/\/api.w.org\/{rel}","templated":true}]}}