{"id":29576,"date":"2016-12-16T11:27:58","date_gmt":"2016-12-16T11:27:58","guid":{"rendered":"http:\/\/folhadosudeste.com\/site\/?p=29576"},"modified":"2016-12-16T11:27:58","modified_gmt":"2016-12-16T11:27:58","slug":"ultima-reuniao-da-camara-de-rosario-da-limeira-em-2016","status":"publish","type":"post","link":"http:\/\/folhadosudeste.com\/site\/?p=29576","title":{"rendered":"\u00daltima reuni\u00e3o da C\u00e2mara de Ros\u00e1rio da Limeira em 2016"},"content":{"rendered":"<p style=\"text-align: justify;\"><a href=\"http:\/\/folhadosudeste.com\/site\/wp-content\/uploads\/2016\/12\/LIMEIRA.jpg\"><img loading=\"lazy\" decoding=\"async\" class=\"aligncenter size-full wp-image-29577\" src=\"http:\/\/folhadosudeste.com\/site\/wp-content\/uploads\/2016\/12\/LIMEIRA.jpg\" alt=\"limeira\" width=\"620\" height=\"225\" srcset=\"http:\/\/folhadosudeste.com\/site\/wp-content\/uploads\/2016\/12\/LIMEIRA.jpg 620w, http:\/\/folhadosudeste.com\/site\/wp-content\/uploads\/2016\/12\/LIMEIRA-300x108.jpg 300w\" sizes=\"auto, (max-width: 620px) 100vw, 620px\" \/><\/a><\/p>\n<p style=\"text-align: justify;\">\u201cGostaria de agradecer a todos que fizeram parte desses quatro anos do meu mandato como vereador e um ano como Presidente da C\u00e2mara Municipal de Ros\u00e1rio da Limeira:<br \/>\nAos funcion\u00e1rios da C\u00e2mara pela dedica\u00e7\u00e3o e empenho na realiza\u00e7\u00e3o dos trabalhos ao longo deste ano de 2016, assim como aos assessores jur\u00eddicos e cont\u00e1beis pela efici\u00eancia na execu\u00e7\u00e3o dos trabalhos. Quero dizer a todos que foi muito gratificante estar bem acompanhado durante este ano e poder trabalhar com seguran\u00e7a. Gostaria tamb\u00e9m de me dirigir aos meus colegas vereadores parabenizando-os pelo companheirismo e respeito m\u00fatuo que apresentaram no nosso dia a dia de conviv\u00eancia e trabalho nesta casa de leis.<\/p>\n<p style=\"text-align: justify;\">Saiba mais na edi\u00e7\u00e3o 739 do Folha do Sudeste<\/p>\n<p style=\"text-align: justify;\"><img decoding=\"async\" class=\"ngg_displayed_gallery mceItem\" src=\"http:\/\/folhadosudeste.com\/site\/index.php\/nextgen-attach_to_post\/preview\/id--29776\" alt=\"\" \/><\/p>\n","protected":false},"excerpt":{"rendered":"<p>\u201cGostaria de agradecer a todos que fizeram parte desses quatro anos do meu mandato como vereador e um ano como Presidente da C\u00e2mara Municipal de Ros\u00e1rio da Limeira: Aos funcion\u00e1rios da C\u00e2mara pela dedica\u00e7\u00e3o e empenho na realiza\u00e7\u00e3o dos trabalhos ao longo deste ano de 2016, assim como aos assessores jur\u00eddicos e cont\u00e1beis pela efici\u00eancia [&hellip;]<\/p>\n","protected":false},"author":2,"featured_media":29577,"comment_status":"open","ping_status":"closed","sticky":false,"template":"","format":"standard","meta":{"_joinchat":[],"footnotes":""},"categories":[1],"tags":[],"class_list":["post-29576","post","type-post","status-publish","format-standard","has-post-thumbnail","hentry","category-sem-categoria"],"_links":{"self":[{"href":"http:\/\/folhadosudeste.com\/site\/index.php?rest_route=\/wp\/v2\/posts\/29576","targetHints":{"allow":["GET"]}}],"collection":[{"href":"http:\/\/folhadosudeste.com\/site\/index.php?rest_route=\/wp\/v2\/posts"}],"about":[{"href":"http:\/\/folhadosudeste.com\/site\/index.php?rest_route=\/wp\/v2\/types\/post"}],"author":[{"embeddable":true,"href":"http:\/\/folhadosudeste.com\/site\/index.php?rest_route=\/wp\/v2\/users\/2"}],"replies":[{"embeddable":true,"href":"http:\/\/folhadosudeste.com\/site\/index.php?rest_route=%2Fwp%2Fv2%2Fcomments&post=29576"}],"version-history":[{"count":1,"href":"http:\/\/folhadosudeste.com\/site\/index.php?rest_route=\/wp\/v2\/posts\/29576\/revisions"}],"predecessor-version":[{"id":29777,"href":"http:\/\/folhadosudeste.com\/site\/index.php?rest_route=\/wp\/v2\/posts\/29576\/revisions\/29777"}],"wp:featuredmedia":[{"embeddable":true,"href":"http:\/\/folhadosudeste.com\/site\/index.php?rest_route=\/wp\/v2\/media\/29577"}],"wp:attachment":[{"href":"http:\/\/folhadosudeste.com\/site\/index.php?rest_route=%2Fwp%2Fv2%2Fmedia&parent=29576"}],"wp:term":[{"taxonomy":"category","embeddable":true,"href":"http:\/\/folhadosudeste.com\/site\/index.php?rest_route=%2Fwp%2Fv2%2Fcategories&post=29576"},{"taxonomy":"post_tag","embeddable":true,"href":"http:\/\/folhadosudeste.com\/site\/index.php?rest_route=%2Fwp%2Fv2%2Ftags&post=29576"}],"curies":[{"name":"wp","href":"https:\/\/api.w.org\/{rel}","templated":true}]}}