{"id":29782,"date":"2016-12-16T11:30:51","date_gmt":"2016-12-16T11:30:51","guid":{"rendered":"http:\/\/folhadosudeste.com\/site\/?p=29782"},"modified":"2016-12-16T11:38:17","modified_gmt":"2016-12-16T11:38:17","slug":"colegio-equipe-de-muriae-15-anos-de-historia-e-sucesso-na-educacao","status":"publish","type":"post","link":"http:\/\/folhadosudeste.com\/site\/?p=29782","title":{"rendered":"Col\u00e9gio Equipe de Muria\u00e9: 15 anos de hist\u00f3ria e sucesso na Educa\u00e7\u00e3o"},"content":{"rendered":"<p style=\"text-align: justify;\"><a href=\"http:\/\/folhadosudeste.com\/site\/wp-content\/uploads\/2016\/12\/EQUIPE.jpg\"><img loading=\"lazy\" decoding=\"async\" class=\"aligncenter size-full wp-image-29783\" src=\"http:\/\/folhadosudeste.com\/site\/wp-content\/uploads\/2016\/12\/EQUIPE.jpg\" alt=\"equipe\" width=\"620\" height=\"170\" srcset=\"http:\/\/folhadosudeste.com\/site\/wp-content\/uploads\/2016\/12\/EQUIPE.jpg 620w, http:\/\/folhadosudeste.com\/site\/wp-content\/uploads\/2016\/12\/EQUIPE-300x82.jpg 300w\" sizes=\"auto, (max-width: 620px) 100vw, 620px\" \/><\/a><\/p>\n<p style=\"text-align: justify;\">Na quinta-feira (8\/12), foi realizada uma solenidade, na ch\u00e1cara do Adelmo, para festejar os 15 anos de hist\u00f3ria do Col\u00e9gio Equipe em nossa cidade. A comemora\u00e7\u00e3o contou com a presen\u00e7a da equipe de professores e funcion\u00e1rios do Col\u00e9gio, al\u00e9m dos diretores Fl\u00e1vio Montes (unidade Cataguases) e Rodrigo Ramos (unidade Leopoldina). A professora Cl\u00e1udia Bouzada, representando o corpo docente, recebeu o certificado de 15 anos do Col\u00e9gio Equipe pelos servi\u00e7os prestados ao longo dos anos. As primeiras funcion\u00e1rias \u2013 Lucimar Barbosa e Andrea Assis \u2013 foram homenageadas, assim como o primeiro professor Angelo Pacelli, recebendo uma medalha de Honra ao M\u00e9rito. O professor Carlos C\u00e9sar Pedrosa recebeu um agradecimento especial por ter contribu\u00eddo com a funda\u00e7\u00e3o da Unidade em Muria\u00e9, por ter sido coordenador durante anos e se manter um colaborador do Col\u00e9gio.<\/p>\n<p style=\"text-align: justify;\">Saiba mais na edi\u00e7\u00e3o 739 do Folha do Sudeste<\/p>\n<p style=\"text-align: justify;\"><img decoding=\"async\" class=\"ngg_displayed_gallery mceItem\" src=\"http:\/\/folhadosudeste.com\/site\/index.php\/nextgen-attach_to_post\/preview\/id--29784\" alt=\"\" \/><\/p>\n","protected":false},"excerpt":{"rendered":"<p>Na quinta-feira (8\/12), foi realizada uma solenidade, na ch\u00e1cara do Adelmo, para festejar os 15 anos de hist\u00f3ria do Col\u00e9gio Equipe em nossa cidade. A comemora\u00e7\u00e3o contou com a presen\u00e7a da equipe de professores e funcion\u00e1rios do Col\u00e9gio, al\u00e9m dos diretores Fl\u00e1vio Montes (unidade Cataguases) e Rodrigo Ramos (unidade Leopoldina). A professora Cl\u00e1udia Bouzada, representando [&hellip;]<\/p>\n","protected":false},"author":2,"featured_media":29783,"comment_status":"open","ping_status":"closed","sticky":false,"template":"","format":"standard","meta":{"_joinchat":[],"footnotes":""},"categories":[1],"tags":[],"class_list":["post-29782","post","type-post","status-publish","format-standard","has-post-thumbnail","hentry","category-sem-categoria"],"_links":{"self":[{"href":"http:\/\/folhadosudeste.com\/site\/index.php?rest_route=\/wp\/v2\/posts\/29782","targetHints":{"allow":["GET"]}}],"collection":[{"href":"http:\/\/folhadosudeste.com\/site\/index.php?rest_route=\/wp\/v2\/posts"}],"about":[{"href":"http:\/\/folhadosudeste.com\/site\/index.php?rest_route=\/wp\/v2\/types\/post"}],"author":[{"embeddable":true,"href":"http:\/\/folhadosudeste.com\/site\/index.php?rest_route=\/wp\/v2\/users\/2"}],"replies":[{"embeddable":true,"href":"http:\/\/folhadosudeste.com\/site\/index.php?rest_route=%2Fwp%2Fv2%2Fcomments&post=29782"}],"version-history":[{"count":2,"href":"http:\/\/folhadosudeste.com\/site\/index.php?rest_route=\/wp\/v2\/posts\/29782\/revisions"}],"predecessor-version":[{"id":29800,"href":"http:\/\/folhadosudeste.com\/site\/index.php?rest_route=\/wp\/v2\/posts\/29782\/revisions\/29800"}],"wp:featuredmedia":[{"embeddable":true,"href":"http:\/\/folhadosudeste.com\/site\/index.php?rest_route=\/wp\/v2\/media\/29783"}],"wp:attachment":[{"href":"http:\/\/folhadosudeste.com\/site\/index.php?rest_route=%2Fwp%2Fv2%2Fmedia&parent=29782"}],"wp:term":[{"taxonomy":"category","embeddable":true,"href":"http:\/\/folhadosudeste.com\/site\/index.php?rest_route=%2Fwp%2Fv2%2Fcategories&post=29782"},{"taxonomy":"post_tag","embeddable":true,"href":"http:\/\/folhadosudeste.com\/site\/index.php?rest_route=%2Fwp%2Fv2%2Ftags&post=29782"}],"curies":[{"name":"wp","href":"https:\/\/api.w.org\/{rel}","templated":true}]}}