{"id":29794,"date":"2016-12-16T11:35:52","date_gmt":"2016-12-16T11:35:52","guid":{"rendered":"http:\/\/folhadosudeste.com\/site\/?p=29794"},"modified":"2016-12-16T11:35:52","modified_gmt":"2016-12-16T11:35:52","slug":"10-anos-de-historia-do-corpo-de-bombeiros-de-muriae","status":"publish","type":"post","link":"http:\/\/folhadosudeste.com\/site\/?p=29794","title":{"rendered":"10 anos de hist\u00f3ria do Corpo de Bombeiros de Muria\u00e9"},"content":{"rendered":"<p style=\"text-align: justify;\"><a href=\"http:\/\/folhadosudeste.com\/site\/wp-content\/uploads\/2016\/12\/BOMBEIROS.jpg\"><img loading=\"lazy\" decoding=\"async\" class=\"aligncenter size-full wp-image-29795\" src=\"http:\/\/folhadosudeste.com\/site\/wp-content\/uploads\/2016\/12\/BOMBEIROS.jpg\" alt=\"bombeiros\" width=\"620\" height=\"214\" srcset=\"http:\/\/folhadosudeste.com\/site\/wp-content\/uploads\/2016\/12\/BOMBEIROS.jpg 620w, http:\/\/folhadosudeste.com\/site\/wp-content\/uploads\/2016\/12\/BOMBEIROS-300x103.jpg 300w\" sizes=\"auto, (max-width: 620px) 100vw, 620px\" \/><\/a><\/p>\n<p style=\"text-align: justify;\">O Corpo de Bombeiros Militar de Minas Gerais \u2013 Muria\u00e9 festejou no \u00faltimo s\u00e1bado (10) seus 10 anos de hist\u00f3ria em nosso munic\u00edpio. A solenidade de comemora\u00e7\u00e3o aconteceu no audit\u00f3rio do IF Sudeste, com a participa\u00e7\u00e3o de militares, comandantes da regi\u00e3o e v\u00e1rios representantes de \u00f3rg\u00e3os municipais e regionais. Representantes receberam homenagens (honrarias, como medalhas e t\u00edtulos) pela parceria com a institui\u00e7\u00e3o ao longo dos anos. O 2\u00ba Pelot\u00e3o de Bombeiros localiza-se na G\u00e1vea, sendo comandado atualmente pelo Tenente Dornelas, e tendo sob sua responsabilidade 17 outras cidades.<\/p>\n<p style=\"text-align: justify;\">Saiba mais na edi\u00e7\u00e3o 739 do Folha do Sudeste<\/p>\n","protected":false},"excerpt":{"rendered":"<p>O Corpo de Bombeiros Militar de Minas Gerais \u2013 Muria\u00e9 festejou no \u00faltimo s\u00e1bado (10) seus 10 anos de hist\u00f3ria em nosso munic\u00edpio. A solenidade de comemora\u00e7\u00e3o aconteceu no audit\u00f3rio do IF Sudeste, com a participa\u00e7\u00e3o de militares, comandantes da regi\u00e3o e v\u00e1rios representantes de \u00f3rg\u00e3os municipais e regionais. Representantes receberam homenagens (honrarias, como medalhas [&hellip;]<\/p>\n","protected":false},"author":2,"featured_media":29795,"comment_status":"open","ping_status":"closed","sticky":false,"template":"","format":"standard","meta":{"_joinchat":[],"footnotes":""},"categories":[1],"tags":[],"class_list":["post-29794","post","type-post","status-publish","format-standard","has-post-thumbnail","hentry","category-sem-categoria"],"_links":{"self":[{"href":"http:\/\/folhadosudeste.com\/site\/index.php?rest_route=\/wp\/v2\/posts\/29794","targetHints":{"allow":["GET"]}}],"collection":[{"href":"http:\/\/folhadosudeste.com\/site\/index.php?rest_route=\/wp\/v2\/posts"}],"about":[{"href":"http:\/\/folhadosudeste.com\/site\/index.php?rest_route=\/wp\/v2\/types\/post"}],"author":[{"embeddable":true,"href":"http:\/\/folhadosudeste.com\/site\/index.php?rest_route=\/wp\/v2\/users\/2"}],"replies":[{"embeddable":true,"href":"http:\/\/folhadosudeste.com\/site\/index.php?rest_route=%2Fwp%2Fv2%2Fcomments&post=29794"}],"version-history":[{"count":1,"href":"http:\/\/folhadosudeste.com\/site\/index.php?rest_route=\/wp\/v2\/posts\/29794\/revisions"}],"predecessor-version":[{"id":29796,"href":"http:\/\/folhadosudeste.com\/site\/index.php?rest_route=\/wp\/v2\/posts\/29794\/revisions\/29796"}],"wp:featuredmedia":[{"embeddable":true,"href":"http:\/\/folhadosudeste.com\/site\/index.php?rest_route=\/wp\/v2\/media\/29795"}],"wp:attachment":[{"href":"http:\/\/folhadosudeste.com\/site\/index.php?rest_route=%2Fwp%2Fv2%2Fmedia&parent=29794"}],"wp:term":[{"taxonomy":"category","embeddable":true,"href":"http:\/\/folhadosudeste.com\/site\/index.php?rest_route=%2Fwp%2Fv2%2Fcategories&post=29794"},{"taxonomy":"post_tag","embeddable":true,"href":"http:\/\/folhadosudeste.com\/site\/index.php?rest_route=%2Fwp%2Fv2%2Ftags&post=29794"}],"curies":[{"name":"wp","href":"https:\/\/api.w.org\/{rel}","templated":true}]}}