{"id":29797,"date":"2016-12-16T11:36:42","date_gmt":"2016-12-16T11:36:42","guid":{"rendered":"http:\/\/folhadosudeste.com\/site\/?p=29797"},"modified":"2016-12-16T11:36:42","modified_gmt":"2016-12-16T11:36:42","slug":"criancas-da-creche-do-bairro-santo-antonio-recebem-festa-de-natal","status":"publish","type":"post","link":"http:\/\/folhadosudeste.com\/site\/?p=29797","title":{"rendered":"Crian\u00e7as da Creche do bairro Santo Antonio recebem festa de Natal"},"content":{"rendered":"<p style=\"text-align: justify;\"><a href=\"http:\/\/folhadosudeste.com\/site\/wp-content\/uploads\/2016\/12\/CRECHE.jpg\"><img loading=\"lazy\" decoding=\"async\" class=\"aligncenter size-full wp-image-29798\" src=\"http:\/\/folhadosudeste.com\/site\/wp-content\/uploads\/2016\/12\/CRECHE.jpg\" alt=\"creche\" width=\"620\" height=\"220\" srcset=\"http:\/\/folhadosudeste.com\/site\/wp-content\/uploads\/2016\/12\/CRECHE.jpg 620w, http:\/\/folhadosudeste.com\/site\/wp-content\/uploads\/2016\/12\/CRECHE-300x106.jpg 300w\" sizes=\"auto, (max-width: 620px) 100vw, 620px\" \/><\/a><\/p>\n<p style=\"text-align: justify;\">O esp\u00edrito natalino se faz presente no cora\u00e7\u00e3o das pessoas e muitos muriaeenses aproveitam a proximidade do Natal para promover a\u00e7\u00f5es e benfeitorias para os mais necessitados. \u00c9 o caso de Maria Aparecida Ferreira. Ela \u00e9 ex-funcion\u00e1ria da creche do bairro Santo Ant\u00f4nio (Escola Municipal Irene Maria Dias), tendo trabalhado por 19 anos e meio, pedindo transfer\u00eancia para a escola. Esse trabalho ela realiza em conjunto com Sandra Amaral, que iniciou um projeto h\u00e1 26 anos com a entidade esp\u00edrita. Foi l\u00e1 que Maria Aparecida pegou a ideia, assim como outras pessoas, espalhando pela cidade belos movimentos sociais levando alegria e o verdadeiro esp\u00edrito natalino aos mais necessitados.<\/p>\n<p style=\"text-align: justify;\">Saiba mais na edi\u00e7\u00e3o 739 do Folha do Sudeste<\/p>\n","protected":false},"excerpt":{"rendered":"<p>O esp\u00edrito natalino se faz presente no cora\u00e7\u00e3o das pessoas e muitos muriaeenses aproveitam a proximidade do Natal para promover a\u00e7\u00f5es e benfeitorias para os mais necessitados. \u00c9 o caso de Maria Aparecida Ferreira. Ela \u00e9 ex-funcion\u00e1ria da creche do bairro Santo Ant\u00f4nio (Escola Municipal Irene Maria Dias), tendo trabalhado por 19 anos e meio, [&hellip;]<\/p>\n","protected":false},"author":2,"featured_media":29798,"comment_status":"open","ping_status":"closed","sticky":false,"template":"","format":"standard","meta":{"_joinchat":[],"footnotes":""},"categories":[1],"tags":[],"class_list":["post-29797","post","type-post","status-publish","format-standard","has-post-thumbnail","hentry","category-sem-categoria"],"_links":{"self":[{"href":"http:\/\/folhadosudeste.com\/site\/index.php?rest_route=\/wp\/v2\/posts\/29797","targetHints":{"allow":["GET"]}}],"collection":[{"href":"http:\/\/folhadosudeste.com\/site\/index.php?rest_route=\/wp\/v2\/posts"}],"about":[{"href":"http:\/\/folhadosudeste.com\/site\/index.php?rest_route=\/wp\/v2\/types\/post"}],"author":[{"embeddable":true,"href":"http:\/\/folhadosudeste.com\/site\/index.php?rest_route=\/wp\/v2\/users\/2"}],"replies":[{"embeddable":true,"href":"http:\/\/folhadosudeste.com\/site\/index.php?rest_route=%2Fwp%2Fv2%2Fcomments&post=29797"}],"version-history":[{"count":1,"href":"http:\/\/folhadosudeste.com\/site\/index.php?rest_route=\/wp\/v2\/posts\/29797\/revisions"}],"predecessor-version":[{"id":29799,"href":"http:\/\/folhadosudeste.com\/site\/index.php?rest_route=\/wp\/v2\/posts\/29797\/revisions\/29799"}],"wp:featuredmedia":[{"embeddable":true,"href":"http:\/\/folhadosudeste.com\/site\/index.php?rest_route=\/wp\/v2\/media\/29798"}],"wp:attachment":[{"href":"http:\/\/folhadosudeste.com\/site\/index.php?rest_route=%2Fwp%2Fv2%2Fmedia&parent=29797"}],"wp:term":[{"taxonomy":"category","embeddable":true,"href":"http:\/\/folhadosudeste.com\/site\/index.php?rest_route=%2Fwp%2Fv2%2Fcategories&post=29797"},{"taxonomy":"post_tag","embeddable":true,"href":"http:\/\/folhadosudeste.com\/site\/index.php?rest_route=%2Fwp%2Fv2%2Ftags&post=29797"}],"curies":[{"name":"wp","href":"https:\/\/api.w.org\/{rel}","templated":true}]}}