{"id":29805,"date":"2016-12-16T11:48:02","date_gmt":"2016-12-16T11:48:02","guid":{"rendered":"http:\/\/folhadosudeste.com\/site\/?p=29805"},"modified":"2016-12-16T11:48:02","modified_gmt":"2016-12-16T11:48:02","slug":"sucesso-no-8-dia-de-negocios-da-fazenda-cachoeira","status":"publish","type":"post","link":"http:\/\/folhadosudeste.com\/site\/?p=29805","title":{"rendered":"Sucesso no 8\u00b0 Dia de Neg\u00f3cios da Fazenda Cachoeira"},"content":{"rendered":"<p><a href=\"http:\/\/folhadosudeste.com\/site\/wp-content\/uploads\/2016\/12\/LEIL\u00c3O1.jpg\"><img loading=\"lazy\" decoding=\"async\" class=\"aligncenter wp-image-29806 size-full\" src=\"http:\/\/folhadosudeste.com\/site\/wp-content\/uploads\/2016\/12\/LEIL\u00c3O1.jpg\" alt=\"leilao\" width=\"620\" height=\"217\" srcset=\"http:\/\/folhadosudeste.com\/site\/wp-content\/uploads\/2016\/12\/LEIL\u00c3O1.jpg 620w, http:\/\/folhadosudeste.com\/site\/wp-content\/uploads\/2016\/12\/LEIL\u00c3O1-300x105.jpg 300w\" sizes=\"auto, (max-width: 620px) 100vw, 620px\" \/><\/a><\/p>\n<p>Foi realizado, no s\u00e1bado 3 de dezembro, o 8\u00b0 Dia de Neg\u00f3cios da Fazenda Cachoeira, Haras Lagl\u00f3ria e Haras L2, o qual j\u00e1 se tornou tradicional em toda \u00a0regi\u00e3o. O empres\u00e1rio Lael Varella lembra quando come\u00e7aram a fazer o evento, h\u00e1 30 anos, surgindo uma nova oportunidade de leiloar alguns animais. Para ele, Laelzinho est\u00e1 dando continuidade a esse trabalho, o que lhe deixa muito feliz. <em>\u201cPodemos juntar os amigos, confraternizar e fazer bons neg\u00f3cios. Tenho 77 anos, com muita sa\u00fade, e \u00e9 uma grande realiza\u00e7\u00e3o ver meu filho e neto auto-suficientes. Tive tamb\u00e9m a alegria de construir o melhor Hospital do C\u00e2ncer da Am\u00e9rica Latina, com a dor que eu tive da perda do Cristiano. Deus tem me ajudado muito. \u00c9 um caminho que tenho muito orgulho de ter constru\u00eddo\u201d,<\/em> destaca.<\/p>\n<p>Para Claudia Navarro Ribeiro Varella, \u00e9 sempre um prazer muito grande receber amigos e criadores de cavalo na fazenda. Ela explica que todos s\u00e3o apaixonados pelo Mangalarga Marchador, ent\u00e3o, torna-se um momento prop\u00edcio para confraternizar e receber os amigos, incluindo pessoas de outros estados, o que representa uma alegria e satisfa\u00e7\u00e3o muito grande. E, ainda por cima, \u00e9 a possibilidade de ofertar animais para serem apreciados e fazer bons neg\u00f3cios. <em>\u201cS\u00e3o tr\u00eas gera\u00e7\u00f5es participando juntos, incluindo a primeira, que \u00e9 do Sr. Lael, ajudando a organizar e demonstrando essa paix\u00e3o pelos cavalos e cria\u00e7\u00e3o. Os filhos gostam e deram essa continuidade. Agrade\u00e7o a todos que vieram nos prestigiar, mais uma vez, independente de comercializar\u201d,<\/em> analisa.<\/p>\n<p>Agnaldo Gouveia, de Ibatiba ES, comprou uma potra e 50% de uma \u00e9gua. Segundo ele, os animais s\u00e3o muito bons. <em>\u201cO Laelzinho \u00e9 muito educado, uma pessoa muito boa, trazendo sempre animais de alta qualidade. \u00c9 a primeira vez que venho na fazenda, mas j\u00e1 trabalho com animais. Agrade\u00e7o a aten\u00e7\u00e3o da organiza\u00e7\u00e3o, est\u00e3o todos de parab\u00e9ns\u201d,<\/em> acrescenta.<\/p>\n<p>Gilberto Guimar\u00e3es Louren\u00e7o, m\u00e9dico-veterin\u00e1rio respons\u00e1vel da fazenda, explica que essa \u00e9 uma forma diferente de leil\u00e3o, em que os criadores podem ficar mais a vontade, com animais em um pre\u00e7o melhor. <em>\u201c\u00c9 a qualidade de 35 anos de cria\u00e7\u00e3o. Existe um criat\u00f3rio tradicional em que vamos selecionando ao longo dos anos e aprimorando. Nesse evento, ofertamos o resultado que temos obtido. Temos uma grande quantidade de animais \u00e0 disposi\u00e7\u00e3o para escolher, registrados, que t\u00eam uma garantia de proced\u00eancia gen\u00e9tica, e n\u00e3o sofrem nenhum tipo de tratamento especial. \u00c9 do nosso jeito mesmo, com alimenta\u00e7\u00e3o, controle de doen\u00e7as e anti-parasitas. Agradecemos nossa equipe, por se dedicarem para que esse evento acontecesse e o p\u00fablico nos prestigiasse\u201d,<\/em> avalia.<\/p>\n<p>Laelzinho tamb\u00e9m agradeceu aos presentes, que sempre prestigiam os eventos que eles promovem. Para ele, a principal vantagem de criar cavalos \u00e9 unir neg\u00f3cios, lazer, conviv\u00eancia com o animal e as amizades que s\u00e3o conquistadas em oportunidades como essa. <em>\u201cO cavalo \u00e9 um animal fant\u00e1stico. Alguns v\u00eam para comprar, outros para prestigiar e o que nos motiva \u00e9 ver os animais expostos e destacar as pessoas que trabalham conosco no dia-a-dia. Temos o leil\u00e3o Lagl\u00f3ria, que j\u00e1 \u00e9 tradicional, inclusive vamos realizar a 30\u00aa edi\u00e7\u00e3o, e este que fizemos \u00e9 uma forma de deixar as pessoas mais a vontade. No in\u00edcio, praticamente n\u00e3o tinha nenhum criador e hoje j\u00e1 contamos com bastante gente na \u00e1rea. Fa\u00e7a sol, fa\u00e7a chuva, estamos trabalhando e provando a cada dia que os cavalos t\u00eam o poder de unir as pessoas\u201d,<\/em> completa.<\/p>\n<p>Carlos William exerce a fun\u00e7\u00e3o de gerente administrativo e comercial, com a coordena\u00e7\u00e3o de todo o Haras, prepara\u00e7\u00e3o e sele\u00e7\u00e3o dos animais. <em>\u201cAp\u00f3s estarem em um bom estado, fazemos o trabalho das fotografias para o cat\u00e1logo. Convidamos o p\u00fablico e deu tudo certo. Fazemos tudo com muita dedica\u00e7\u00e3o e uma competente equipe. O resultado n\u00e3o poderia ser outro, sen\u00e3o um grande sucesso\u201d,<\/em> finaliza.<\/p>\n<p><img decoding=\"async\" class=\"ngg_displayed_gallery mceItem\" src=\"http:\/\/folhadosudeste.com\/site\/index.php\/nextgen-attach_to_post\/preview\/id--29853\" alt=\"\" \/><\/p>\n","protected":false},"excerpt":{"rendered":"<p>Foi realizado, no s\u00e1bado 3 de dezembro, o 8\u00b0 Dia de Neg\u00f3cios da Fazenda Cachoeira, Haras Lagl\u00f3ria e Haras L2, o qual j\u00e1 se tornou tradicional em toda \u00a0regi\u00e3o. O empres\u00e1rio Lael Varella lembra quando come\u00e7aram a fazer o evento, h\u00e1 30 anos, surgindo uma nova oportunidade de leiloar alguns animais. Para ele, Laelzinho est\u00e1 [&hellip;]<\/p>\n","protected":false},"author":6,"featured_media":29806,"comment_status":"open","ping_status":"closed","sticky":false,"template":"","format":"standard","meta":{"_joinchat":[],"footnotes":""},"categories":[1],"tags":[],"class_list":["post-29805","post","type-post","status-publish","format-standard","has-post-thumbnail","hentry","category-sem-categoria"],"_links":{"self":[{"href":"http:\/\/folhadosudeste.com\/site\/index.php?rest_route=\/wp\/v2\/posts\/29805","targetHints":{"allow":["GET"]}}],"collection":[{"href":"http:\/\/folhadosudeste.com\/site\/index.php?rest_route=\/wp\/v2\/posts"}],"about":[{"href":"http:\/\/folhadosudeste.com\/site\/index.php?rest_route=\/wp\/v2\/types\/post"}],"author":[{"embeddable":true,"href":"http:\/\/folhadosudeste.com\/site\/index.php?rest_route=\/wp\/v2\/users\/6"}],"replies":[{"embeddable":true,"href":"http:\/\/folhadosudeste.com\/site\/index.php?rest_route=%2Fwp%2Fv2%2Fcomments&post=29805"}],"version-history":[{"count":1,"href":"http:\/\/folhadosudeste.com\/site\/index.php?rest_route=\/wp\/v2\/posts\/29805\/revisions"}],"predecessor-version":[{"id":29854,"href":"http:\/\/folhadosudeste.com\/site\/index.php?rest_route=\/wp\/v2\/posts\/29805\/revisions\/29854"}],"wp:featuredmedia":[{"embeddable":true,"href":"http:\/\/folhadosudeste.com\/site\/index.php?rest_route=\/wp\/v2\/media\/29806"}],"wp:attachment":[{"href":"http:\/\/folhadosudeste.com\/site\/index.php?rest_route=%2Fwp%2Fv2%2Fmedia&parent=29805"}],"wp:term":[{"taxonomy":"category","embeddable":true,"href":"http:\/\/folhadosudeste.com\/site\/index.php?rest_route=%2Fwp%2Fv2%2Fcategories&post=29805"},{"taxonomy":"post_tag","embeddable":true,"href":"http:\/\/folhadosudeste.com\/site\/index.php?rest_route=%2Fwp%2Fv2%2Ftags&post=29805"}],"curies":[{"name":"wp","href":"https:\/\/api.w.org\/{rel}","templated":true}]}}