{"id":29903,"date":"2016-12-22T20:26:52","date_gmt":"2016-12-22T20:26:52","guid":{"rendered":"http:\/\/folhadosudeste.com\/site\/?p=29903"},"modified":"2016-12-22T20:26:52","modified_gmt":"2016-12-22T20:26:52","slug":"5a-cantata-de-natal-das-organizacoes-elder-abreu","status":"publish","type":"post","link":"http:\/\/folhadosudeste.com\/site\/?p=29903","title":{"rendered":"5\u00aa Cantata de Natal das Organiza\u00e7\u00f5es Elder Abreu"},"content":{"rendered":"<p><a href=\"http:\/\/folhadosudeste.com\/site\/wp-content\/uploads\/2016\/12\/MAIOR15.jpg\"><img loading=\"lazy\" decoding=\"async\" class=\"aligncenter wp-image-29904 size-full\" src=\"http:\/\/folhadosudeste.com\/site\/wp-content\/uploads\/2016\/12\/MAIOR15.jpg\" alt=\"maior\" width=\"800\" height=\"530\" srcset=\"http:\/\/folhadosudeste.com\/site\/wp-content\/uploads\/2016\/12\/MAIOR15.jpg 800w, http:\/\/folhadosudeste.com\/site\/wp-content\/uploads\/2016\/12\/MAIOR15-300x198.jpg 300w\" sizes=\"auto, (max-width: 800px) 100vw, 800px\" \/><\/a><\/p>\n<p>Nem mesmo a chuva p\u00f4de ofuscar o brilho da 5\u00aa Cantata de Natal das Organiza\u00e7\u00f5es Elder Abreu, realizada na noite da \u00faltima ter\u00e7a (20), no Solar das Palmeiras (Jo\u00e3o XXIII). O p\u00fablico presente apreciou um momento de muita emo\u00e7\u00e3o, musicalidade e alegria. Na ocasi\u00e3o, aconteceu a apresenta\u00e7\u00e3o do Coral Vozes do Futuro (formado pelas crian\u00e7as e jovens atendidas pelo projeto filantr\u00f3pico Casa da Menina), da banda Ouro de Minas, e a t\u00e3o esperada chegada do Papai Noel com fogos de artif\u00edcio e distribui\u00e7\u00e3o de presentes \u00e0s crian\u00e7as, trazendo a verdadeira magia do Natal, tudo gratuitamente.<\/p>\n<p>O diretor-presidente das organiza\u00e7\u00f5es que levam seu nome, Elder Abreu, explicou que o Natal sempre foi uma data muito especial para ele e sua fam\u00edlia. <em>\u201cH\u00e1 muitos anos fa\u00e7o a decora\u00e7\u00e3o a decora\u00e7\u00e3o externa da nossa casa, que virou um ponto de visita\u00e7\u00e3o nessa \u00e9poca do ano. Preparamos tudo mais uma vez com muito carinho para promover uma noite maravilhosa, marcante e especial\u201d,<\/em> refor\u00e7ou o anfitri\u00e3o, que fez a abertura oficial do evento e agradeceu a presen\u00e7a do p\u00fablico, que compareceu mesmo com o tempo chuvoso.<\/p>\n<p><img decoding=\"async\" class=\"ngg_displayed_gallery mceItem\" src=\"http:\/\/folhadosudeste.com\/site\/index.php\/nextgen-attach_to_post\/preview\/id--29917\" alt=\"\" \/><\/p>\n","protected":false},"excerpt":{"rendered":"<p>Nem mesmo a chuva p\u00f4de ofuscar o brilho da 5\u00aa Cantata de Natal das Organiza\u00e7\u00f5es Elder Abreu, realizada na noite da \u00faltima ter\u00e7a (20), no Solar das Palmeiras (Jo\u00e3o XXIII). O p\u00fablico presente apreciou um momento de muita emo\u00e7\u00e3o, musicalidade e alegria. Na ocasi\u00e3o, aconteceu a apresenta\u00e7\u00e3o do Coral Vozes do Futuro (formado pelas crian\u00e7as [&hellip;]<\/p>\n","protected":false},"author":6,"featured_media":29904,"comment_status":"open","ping_status":"closed","sticky":false,"template":"","format":"standard","meta":{"_joinchat":[],"footnotes":""},"categories":[1],"tags":[],"class_list":["post-29903","post","type-post","status-publish","format-standard","has-post-thumbnail","hentry","category-sem-categoria"],"_links":{"self":[{"href":"http:\/\/folhadosudeste.com\/site\/index.php?rest_route=\/wp\/v2\/posts\/29903","targetHints":{"allow":["GET"]}}],"collection":[{"href":"http:\/\/folhadosudeste.com\/site\/index.php?rest_route=\/wp\/v2\/posts"}],"about":[{"href":"http:\/\/folhadosudeste.com\/site\/index.php?rest_route=\/wp\/v2\/types\/post"}],"author":[{"embeddable":true,"href":"http:\/\/folhadosudeste.com\/site\/index.php?rest_route=\/wp\/v2\/users\/6"}],"replies":[{"embeddable":true,"href":"http:\/\/folhadosudeste.com\/site\/index.php?rest_route=%2Fwp%2Fv2%2Fcomments&post=29903"}],"version-history":[{"count":1,"href":"http:\/\/folhadosudeste.com\/site\/index.php?rest_route=\/wp\/v2\/posts\/29903\/revisions"}],"predecessor-version":[{"id":29918,"href":"http:\/\/folhadosudeste.com\/site\/index.php?rest_route=\/wp\/v2\/posts\/29903\/revisions\/29918"}],"wp:featuredmedia":[{"embeddable":true,"href":"http:\/\/folhadosudeste.com\/site\/index.php?rest_route=\/wp\/v2\/media\/29904"}],"wp:attachment":[{"href":"http:\/\/folhadosudeste.com\/site\/index.php?rest_route=%2Fwp%2Fv2%2Fmedia&parent=29903"}],"wp:term":[{"taxonomy":"category","embeddable":true,"href":"http:\/\/folhadosudeste.com\/site\/index.php?rest_route=%2Fwp%2Fv2%2Fcategories&post=29903"},{"taxonomy":"post_tag","embeddable":true,"href":"http:\/\/folhadosudeste.com\/site\/index.php?rest_route=%2Fwp%2Fv2%2Ftags&post=29903"}],"curies":[{"name":"wp","href":"https:\/\/api.w.org\/{rel}","templated":true}]}}