{"id":29919,"date":"2016-12-22T20:28:59","date_gmt":"2016-12-22T20:28:59","guid":{"rendered":"http:\/\/folhadosudeste.com\/site\/?p=29919"},"modified":"2016-12-22T20:28:59","modified_gmt":"2016-12-22T20:28:59","slug":"cantata-de-natal-da-igreja-sao-joao-evangelista","status":"publish","type":"post","link":"http:\/\/folhadosudeste.com\/site\/?p=29919","title":{"rendered":"Cantata de Natal da Igreja S\u00e3o Jo\u00e3o Evangelista"},"content":{"rendered":"<p><a href=\"http:\/\/folhadosudeste.com\/site\/wp-content\/uploads\/2016\/12\/MAIOR16.jpg\"><img loading=\"lazy\" decoding=\"async\" class=\"aligncenter wp-image-29920 size-full\" src=\"http:\/\/folhadosudeste.com\/site\/wp-content\/uploads\/2016\/12\/MAIOR16.jpg\" alt=\"maior\" width=\"800\" height=\"533\" srcset=\"http:\/\/folhadosudeste.com\/site\/wp-content\/uploads\/2016\/12\/MAIOR16.jpg 800w, http:\/\/folhadosudeste.com\/site\/wp-content\/uploads\/2016\/12\/MAIOR16-300x199.jpg 300w\" sizes=\"auto, (max-width: 800px) 100vw, 800px\" \/><\/a><\/p>\n<p>Foi apresentada uma maravilhosa Cantata de Natal, no s\u00e1bado, dia 17 de dezembro, na Comunidade S\u00e3o Jo\u00e3o Evangelista, bairro Jo\u00e3o XIII, Par\u00f3quia Santa Cruz. O coral Cantinho do C\u00e9u, formado pelas crian\u00e7as da pr\u00f3pria catequese, deram um verdadeiro show, com direito a encena\u00e7\u00e3o musical do nascimento de Jesus. O fechamento n\u00e3o poderia ser outro, com a linda mensagem natalina passada para os fi\u00e9is, com a participa\u00e7\u00e3o do p\u00e1roco Pe. Severino, que contou com um elenco maravilhoso. Eles fizeram uma linda e tocante apresenta\u00e7\u00e3o, encerrando com uma bela m\u00fasica e dan\u00e7a.\u00a0 Todos se sentiram muito amados e solid\u00e1rios. <em>\u201cGostar\u00edamos de agradecer primeiro a Deus e todas as pessoas que se envolveram, sem exce\u00e7\u00e3o, para que este evento pudesse ser realizado. Obrigado\u201d,<\/em> agradeceram a equipe da Comunidade S\u00e3o Jo\u00e3o Evangelista \u2013 Par\u00f3quia Santa Cruz.<\/p>\n<p><img decoding=\"async\" class=\"ngg_displayed_gallery mceItem\" src=\"http:\/\/folhadosudeste.com\/site\/index.php\/nextgen-attach_to_post\/preview\/id--29941\" alt=\"\" \/><\/p>\n","protected":false},"excerpt":{"rendered":"<p>Foi apresentada uma maravilhosa Cantata de Natal, no s\u00e1bado, dia 17 de dezembro, na Comunidade S\u00e3o Jo\u00e3o Evangelista, bairro Jo\u00e3o XIII, Par\u00f3quia Santa Cruz. O coral Cantinho do C\u00e9u, formado pelas crian\u00e7as da pr\u00f3pria catequese, deram um verdadeiro show, com direito a encena\u00e7\u00e3o musical do nascimento de Jesus. O fechamento n\u00e3o poderia ser outro, com [&hellip;]<\/p>\n","protected":false},"author":6,"featured_media":29920,"comment_status":"open","ping_status":"closed","sticky":false,"template":"","format":"standard","meta":{"_joinchat":[],"footnotes":""},"categories":[1],"tags":[],"class_list":["post-29919","post","type-post","status-publish","format-standard","has-post-thumbnail","hentry","category-sem-categoria"],"_links":{"self":[{"href":"http:\/\/folhadosudeste.com\/site\/index.php?rest_route=\/wp\/v2\/posts\/29919","targetHints":{"allow":["GET"]}}],"collection":[{"href":"http:\/\/folhadosudeste.com\/site\/index.php?rest_route=\/wp\/v2\/posts"}],"about":[{"href":"http:\/\/folhadosudeste.com\/site\/index.php?rest_route=\/wp\/v2\/types\/post"}],"author":[{"embeddable":true,"href":"http:\/\/folhadosudeste.com\/site\/index.php?rest_route=\/wp\/v2\/users\/6"}],"replies":[{"embeddable":true,"href":"http:\/\/folhadosudeste.com\/site\/index.php?rest_route=%2Fwp%2Fv2%2Fcomments&post=29919"}],"version-history":[{"count":1,"href":"http:\/\/folhadosudeste.com\/site\/index.php?rest_route=\/wp\/v2\/posts\/29919\/revisions"}],"predecessor-version":[{"id":29942,"href":"http:\/\/folhadosudeste.com\/site\/index.php?rest_route=\/wp\/v2\/posts\/29919\/revisions\/29942"}],"wp:featuredmedia":[{"embeddable":true,"href":"http:\/\/folhadosudeste.com\/site\/index.php?rest_route=\/wp\/v2\/media\/29920"}],"wp:attachment":[{"href":"http:\/\/folhadosudeste.com\/site\/index.php?rest_route=%2Fwp%2Fv2%2Fmedia&parent=29919"}],"wp:term":[{"taxonomy":"category","embeddable":true,"href":"http:\/\/folhadosudeste.com\/site\/index.php?rest_route=%2Fwp%2Fv2%2Fcategories&post=29919"},{"taxonomy":"post_tag","embeddable":true,"href":"http:\/\/folhadosudeste.com\/site\/index.php?rest_route=%2Fwp%2Fv2%2Ftags&post=29919"}],"curies":[{"name":"wp","href":"https:\/\/api.w.org\/{rel}","templated":true}]}}