{"id":29943,"date":"2016-12-22T20:31:01","date_gmt":"2016-12-22T20:31:01","guid":{"rendered":"http:\/\/folhadosudeste.com\/site\/?p=29943"},"modified":"2016-12-22T20:31:01","modified_gmt":"2016-12-22T20:31:01","slug":"matriz-sao-paulo-realiza-cantata-de-natal","status":"publish","type":"post","link":"http:\/\/folhadosudeste.com\/site\/?p=29943","title":{"rendered":"Matriz S\u00e3o Paulo realiza Cantata de Natal"},"content":{"rendered":"<p><a href=\"http:\/\/folhadosudeste.com\/site\/wp-content\/uploads\/2016\/12\/MAIOR17.jpg\"><img loading=\"lazy\" decoding=\"async\" class=\"aligncenter wp-image-29944 size-full\" src=\"http:\/\/folhadosudeste.com\/site\/wp-content\/uploads\/2016\/12\/MAIOR17.jpg\" alt=\"maior\" width=\"800\" height=\"533\" srcset=\"http:\/\/folhadosudeste.com\/site\/wp-content\/uploads\/2016\/12\/MAIOR17.jpg 800w, http:\/\/folhadosudeste.com\/site\/wp-content\/uploads\/2016\/12\/MAIOR17-300x199.jpg 300w\" sizes=\"auto, (max-width: 800px) 100vw, 800px\" \/><\/a><\/p>\n<p>Ap\u00f3s a Missa do \u00faltimo domingo (18\/12), na Matriz S\u00e3o Paulo, foi realizada a Cantata de Natal no interior da igreja (inicialmente seria realizada no jardim, pr\u00f3xima \u00e0 fonte, mas, devido \u00e0s constantes chuvas, a equipe da Igreja resolveu mudar o local). Na ocasi\u00e3o, aconteceu tamb\u00e9m uma linda pe\u00e7a de teatro, intitulada \u2018O Burro e o Boi\u2019, aproveitando o clima e o sentimento natalino. Francisco Carlos Rodrigues da Silva (Pe. Chico), p\u00e1roco da Matriz S\u00e3o Paulo, afirmou: \u201co<em>s grupos de m\u00fasica da Matriz S\u00e3o Paulo s\u00e3o muito bons, ent\u00e3o dei a ideia de fazer uma Cantata de Natal, mas o tempo n\u00e3o colaborava, ent\u00e3o decidimos fazer dentro da igreja, mudando toda sua estrutura. Esse ano, para n\u00f3s brasileiros, foi um ano dif\u00edcil, de desesperan\u00e7a, mas o Nascimento de Cristo \u00e9 sempre um motivo de alegria. Cada pessoa tem que deixar Jesus entrar no cora\u00e7\u00e3o\u201d<\/em>.<\/p>\n<p><img decoding=\"async\" class=\"ngg_displayed_gallery mceItem\" src=\"http:\/\/folhadosudeste.com\/site\/index.php\/nextgen-attach_to_post\/preview\/id--29965\" alt=\"\" \/><\/p>\n","protected":false},"excerpt":{"rendered":"<p>Ap\u00f3s a Missa do \u00faltimo domingo (18\/12), na Matriz S\u00e3o Paulo, foi realizada a Cantata de Natal no interior da igreja (inicialmente seria realizada no jardim, pr\u00f3xima \u00e0 fonte, mas, devido \u00e0s constantes chuvas, a equipe da Igreja resolveu mudar o local). Na ocasi\u00e3o, aconteceu tamb\u00e9m uma linda pe\u00e7a de teatro, intitulada \u2018O Burro e [&hellip;]<\/p>\n","protected":false},"author":6,"featured_media":29944,"comment_status":"open","ping_status":"closed","sticky":false,"template":"","format":"standard","meta":{"_joinchat":[],"footnotes":""},"categories":[1],"tags":[],"class_list":["post-29943","post","type-post","status-publish","format-standard","has-post-thumbnail","hentry","category-sem-categoria"],"_links":{"self":[{"href":"http:\/\/folhadosudeste.com\/site\/index.php?rest_route=\/wp\/v2\/posts\/29943","targetHints":{"allow":["GET"]}}],"collection":[{"href":"http:\/\/folhadosudeste.com\/site\/index.php?rest_route=\/wp\/v2\/posts"}],"about":[{"href":"http:\/\/folhadosudeste.com\/site\/index.php?rest_route=\/wp\/v2\/types\/post"}],"author":[{"embeddable":true,"href":"http:\/\/folhadosudeste.com\/site\/index.php?rest_route=\/wp\/v2\/users\/6"}],"replies":[{"embeddable":true,"href":"http:\/\/folhadosudeste.com\/site\/index.php?rest_route=%2Fwp%2Fv2%2Fcomments&post=29943"}],"version-history":[{"count":1,"href":"http:\/\/folhadosudeste.com\/site\/index.php?rest_route=\/wp\/v2\/posts\/29943\/revisions"}],"predecessor-version":[{"id":29966,"href":"http:\/\/folhadosudeste.com\/site\/index.php?rest_route=\/wp\/v2\/posts\/29943\/revisions\/29966"}],"wp:featuredmedia":[{"embeddable":true,"href":"http:\/\/folhadosudeste.com\/site\/index.php?rest_route=\/wp\/v2\/media\/29944"}],"wp:attachment":[{"href":"http:\/\/folhadosudeste.com\/site\/index.php?rest_route=%2Fwp%2Fv2%2Fmedia&parent=29943"}],"wp:term":[{"taxonomy":"category","embeddable":true,"href":"http:\/\/folhadosudeste.com\/site\/index.php?rest_route=%2Fwp%2Fv2%2Fcategories&post=29943"},{"taxonomy":"post_tag","embeddable":true,"href":"http:\/\/folhadosudeste.com\/site\/index.php?rest_route=%2Fwp%2Fv2%2Ftags&post=29943"}],"curies":[{"name":"wp","href":"https:\/\/api.w.org\/{rel}","templated":true}]}}