{"id":29967,"date":"2016-12-22T20:32:41","date_gmt":"2016-12-22T20:32:41","guid":{"rendered":"http:\/\/folhadosudeste.com\/site\/?p=29967"},"modified":"2016-12-22T20:37:03","modified_gmt":"2016-12-22T20:37:03","slug":"expectativas-do-comercio-para-o-natal-de-2016","status":"publish","type":"post","link":"http:\/\/folhadosudeste.com\/site\/?p=29967","title":{"rendered":"Expectativas do com\u00e9rcio para o Natal de 2016"},"content":{"rendered":"<p><a href=\"http:\/\/folhadosudeste.com\/site\/wp-content\/uploads\/2016\/12\/MAIOR18.jpg\"><img loading=\"lazy\" decoding=\"async\" class=\"aligncenter wp-image-29968 size-full\" src=\"http:\/\/folhadosudeste.com\/site\/wp-content\/uploads\/2016\/12\/MAIOR18.jpg\" alt=\"maior\" width=\"800\" height=\"530\" srcset=\"http:\/\/folhadosudeste.com\/site\/wp-content\/uploads\/2016\/12\/MAIOR18.jpg 800w, http:\/\/folhadosudeste.com\/site\/wp-content\/uploads\/2016\/12\/MAIOR18-300x198.jpg 300w\" sizes=\"auto, (max-width: 800px) 100vw, 800px\" \/><\/a><\/p>\n<p>O jornal Folha do Sudeste foi \u00e0s ruas analisar o movimento do com\u00e9rcio para o per\u00edodo natalino que se aproxima e entrevistamos o empres\u00e1rio Gustavo Ferreira de Oliveira, diretor de Produtos e Servi\u00e7os da CDL Muria\u00e9 e propriet\u00e1rio da Casa das Meias (46 anos de com\u00e9rcio).<\/p>\n<p>Segundo Gustavo Ferreira, as quatro principais datas do ano para o com\u00e9rcio s\u00e3o: Dia das M\u00e3es, dos Pais, das Crian\u00e7as e fecha com o Natal.\u00a0 <em>\u201cSabemos que o SPC Brasil, a Confedera\u00e7\u00e3o Lojista, a CNDL, fez uma pesquisa no final de outubro e come\u00e7o de novembro mostrando que ter\u00edamos um acr\u00e9scimo de 5,3% no valor do presente para este ano, comparado ao ano anterior. Mas devido \u00e0 situa\u00e7\u00e3o pol\u00edtico-econ\u00f4mica vivenciada pelo Brasil somada ao vil\u00e3o chamado infla\u00e7\u00e3o, vamos ter uma queda de 3,33%. A pesquisa \u00e9 a n\u00edvel de Brasil, mas Muria\u00e9 n\u00e3o ficou t\u00e3o diferente. As lojas n\u00e3o est\u00e3o t\u00e3o movimentadas como nos anos anteriores. Voltando um pouco o tempo, em 2005 tivemos um com\u00e9rcio muito bom, mas a situa\u00e7\u00e3o do Brasil era de crescimento, at\u00e9 um pouco ilus\u00f3rio pelo que estamos vendo hoje. Conseguiram manipular a economia e hoje estamos neste caos, que tirou a credibilidade para o nosso consumidor, que \u00e0s vezes at\u00e9 tem um dinheiro em casa, mas fica com receio de gastar e n\u00e3o saber o que acontecer\u00e1 mais \u00e0 frente. Isso n\u00e3o \u00e9 bom para a economia municipal e nacional, pois quando o dinheiro para, tudo acompanha essa paralisa\u00e7\u00e3o. Temos que incentivar o com\u00e9rcio e as compras e vendas, porque isso \u00e9 comum em todo pa\u00eds em recess\u00e3o. Temos que esquecer as quest\u00f5es pol\u00edticas e vir para o mercado, fazer as compras e fortalecer o movimento. Com mais vendas, gera mais empregos e consequentemente mais recursos na economia\u201d,<\/em> explica.<\/p>\n<p>Ele refor\u00e7a que n\u00e3o podemos ficar atrelados \u00e0 economia de governos (vis\u00e3o de administra\u00e7\u00e3o), porque a parte referente aos empres\u00e1rios \u00e9 diferente (vis\u00e3o de crescimento) e tem que haver a credibilidade para que os investimentos ocorram. <em>\u201cO que tem acontecido \u00e9 justamente o contr\u00e1rio: um entrave na nossa economia e no nosso consumidor. Mas, por outro lado, sabemos que o consumidor, de modo geral, deixa as compras de presentes para a \u00faltima hora, bem pr\u00f3ximo do Natal, ent\u00e3o j\u00e1 temos visto o mercado come\u00e7ar a aquecer. Desde o come\u00e7o da semana o ritmo acelerou e acredito que vai continuar assim para fecharmos um final de ano com possibilidade de quitar as despesas, mesmo que n\u00e3o seja com efetivo dinheiro em caixa. No ano seguinte, com certeza estaremos caminhando com os p\u00e9s mais firmes. N\u00f3s, empres\u00e1rios, somos muito esperan\u00e7osos e n\u00e3o podemos deixar de acreditar no que queremos e pretendemos. \u00c9 o desenvolvimento dos neg\u00f3cios, que gera desenvolvimento da cidade e da economia. Com toda a dificuldade de 2016, n\u00e3o atingiremos o movimento dos anos anteriores, mas vamos melhorar nossas vendas nessa \u00e9poca natalina. Temos que confiar em nosso potencial, deixando a governan\u00e7a de lado e fazendo as cobran\u00e7as necess\u00e1rias em cima deles. O Brasil \u00e9 um pa\u00eds muito bom e com uma popula\u00e7\u00e3o muito respons\u00e1vel, de consumidores s\u00e9rios, confiantes e isso \u00e9 um ponto muito importante que devemos destacar. Acredito que o presente m\u00e9dio por pessoa n\u00e3o deve fugir de aproximadamente R$ 50. Isso em m\u00e9dia, porque tem pessoas que compram presentes de menor valor e outros que compram com pre\u00e7os mais elevados. As pesquisas s\u00e3o um pouco mais otimistas, mas acho que n\u00e3o vai muito al\u00e9m disso. Desejo a todos um Natal de muita sa\u00fade, paz, determina\u00e7\u00e3o, harmonia, confraterniza\u00e7\u00e3o, uni\u00e3o de fam\u00edlia, pensamentos positivos, de mais amor e respeito ao pr\u00f3ximo\u201d,<\/em> completa.<\/p>\n<p><img decoding=\"async\" class=\"ngg_displayed_gallery mceItem\" src=\"http:\/\/folhadosudeste.com\/site\/index.php\/nextgen-attach_to_post\/preview\/id--29979\" alt=\"\" \/><\/p>\n","protected":false},"excerpt":{"rendered":"<p>O jornal Folha do Sudeste foi \u00e0s ruas analisar o movimento do com\u00e9rcio para o per\u00edodo natalino que se aproxima e entrevistamos o empres\u00e1rio Gustavo Ferreira de Oliveira, diretor de Produtos e Servi\u00e7os da CDL Muria\u00e9 e propriet\u00e1rio da Casa das Meias (46 anos de com\u00e9rcio). Segundo Gustavo Ferreira, as quatro principais datas do ano [&hellip;]<\/p>\n","protected":false},"author":6,"featured_media":29968,"comment_status":"open","ping_status":"closed","sticky":false,"template":"","format":"standard","meta":{"_joinchat":[],"footnotes":""},"categories":[1],"tags":[],"class_list":["post-29967","post","type-post","status-publish","format-standard","has-post-thumbnail","hentry","category-sem-categoria"],"_links":{"self":[{"href":"http:\/\/folhadosudeste.com\/site\/index.php?rest_route=\/wp\/v2\/posts\/29967","targetHints":{"allow":["GET"]}}],"collection":[{"href":"http:\/\/folhadosudeste.com\/site\/index.php?rest_route=\/wp\/v2\/posts"}],"about":[{"href":"http:\/\/folhadosudeste.com\/site\/index.php?rest_route=\/wp\/v2\/types\/post"}],"author":[{"embeddable":true,"href":"http:\/\/folhadosudeste.com\/site\/index.php?rest_route=\/wp\/v2\/users\/6"}],"replies":[{"embeddable":true,"href":"http:\/\/folhadosudeste.com\/site\/index.php?rest_route=%2Fwp%2Fv2%2Fcomments&post=29967"}],"version-history":[{"count":1,"href":"http:\/\/folhadosudeste.com\/site\/index.php?rest_route=\/wp\/v2\/posts\/29967\/revisions"}],"predecessor-version":[{"id":29980,"href":"http:\/\/folhadosudeste.com\/site\/index.php?rest_route=\/wp\/v2\/posts\/29967\/revisions\/29980"}],"wp:featuredmedia":[{"embeddable":true,"href":"http:\/\/folhadosudeste.com\/site\/index.php?rest_route=\/wp\/v2\/media\/29968"}],"wp:attachment":[{"href":"http:\/\/folhadosudeste.com\/site\/index.php?rest_route=%2Fwp%2Fv2%2Fmedia&parent=29967"}],"wp:term":[{"taxonomy":"category","embeddable":true,"href":"http:\/\/folhadosudeste.com\/site\/index.php?rest_route=%2Fwp%2Fv2%2Fcategories&post=29967"},{"taxonomy":"post_tag","embeddable":true,"href":"http:\/\/folhadosudeste.com\/site\/index.php?rest_route=%2Fwp%2Fv2%2Ftags&post=29967"}],"curies":[{"name":"wp","href":"https:\/\/api.w.org\/{rel}","templated":true}]}}