{"id":30187,"date":"2016-12-30T11:30:17","date_gmt":"2016-12-30T11:30:17","guid":{"rendered":"http:\/\/folhadosudeste.com\/site\/?p=30187"},"modified":"2016-12-30T11:30:17","modified_gmt":"2016-12-30T11:30:17","slug":"lael-varella-realiza-almoco-dos-idosos","status":"publish","type":"post","link":"http:\/\/folhadosudeste.com\/site\/?p=30187","title":{"rendered":"Lael Varella realiza Almo\u00e7o dos Idosos"},"content":{"rendered":"<p><a href=\"http:\/\/folhadosudeste.com\/site\/wp-content\/uploads\/2016\/12\/MAIOR26.jpg\"><img loading=\"lazy\" decoding=\"async\" class=\"aligncenter wp-image-30189 size-full\" src=\"http:\/\/folhadosudeste.com\/site\/wp-content\/uploads\/2016\/12\/MAIOR26.jpg\" alt=\"maior\" width=\"800\" height=\"533\" srcset=\"http:\/\/folhadosudeste.com\/site\/wp-content\/uploads\/2016\/12\/MAIOR26.jpg 800w, http:\/\/folhadosudeste.com\/site\/wp-content\/uploads\/2016\/12\/MAIOR26-300x199.jpg 300w\" sizes=\"auto, (max-width: 800px) 100vw, 800px\" \/><\/a><\/p>\n<p>Na manh\u00e3 da \u00faltima quarta (28), na quadra poliesportiva do Centro Universit\u00e1rio Unifaminas foi realizada a 44\u00aa edi\u00e7\u00e3o do tradicional Almo\u00e7o de Confraterniza\u00e7\u00e3o dos Idosos e Enfermos, evento promovido anualmente pelo empres\u00e1rio e suplente de senador, Lael Varella. Estiveram reunidas mais de 500 pessoas, em um momento de confraterniza\u00e7\u00e3o prop\u00edcio \u00e0s festas de final de ano. Foi celebrada uma missa presidida pelo Pe. R\u00f4mulo Gomes de Oliveira, o qual exerce h\u00e1 cerca de um m\u00eas e meio o cargo de Capel\u00e3o Hospitalar da Par\u00f3quia Nossa Senhora do Divino Pranto (Funda\u00e7\u00e3o). Em seguida, o almo\u00e7o foi servido pelos colaboradores da COVEPE, Unifaminas e Funda\u00e7\u00e3o Cristiano Varella.<\/p>\n<p>Lael Varella mais uma vez mostrou sua satisfa\u00e7\u00e3o em reunir essa grande fam\u00edlia. <em>\u201cSabemos que os idosos vivem atualmente com muita dificuldade e muitas vezes n\u00e3o t\u00eam condi\u00e7\u00f5es de fazer uma festa de final de ano. E nem mesmo os filhos e netos costumam convid\u00e1-los para uma confraterniza\u00e7\u00e3o. Eu, felizmente, aprendi desde cedo a respeitar os idosos, pois foram eles que constru\u00edram nossa hist\u00f3ria, n\u00e3o importa o tipo de contribui\u00e7\u00e3o que deram. Os jovens s\u00e3o o presente e as crian\u00e7as o futuro, mas temos que respeitar aqueles que deram os ensinamentos \u00e0s gera\u00e7\u00f5es atuais, moldando o car\u00e1ter e a cidadania de cada um. \u00c9 uma grande tristeza v\u00ea-los abandonados pela fam\u00edlia ou pelo poder p\u00fablico\u201d, <\/em>reflete.<\/p>\n<p>Segundo Pe. R\u00f4mulo, que celebrou a missa, tradicional no evento, esta \u00e9 uma excelente oportunidade das pessoas estarem juntas, sobretudo quando h\u00e1 uma parte religiosa, como a missa. <em>\u201cAs pessoas podem refletir um pouco sobre como elas s\u00e3o e o que podem melhorar para crescer mais humanamente, afetivamente e espiritualmente. E temos sempre que lutar pela convers\u00e3o. Neste momento, podemos estar junto com os irm\u00e3os para uma confraterniza\u00e7\u00e3o, um momento prop\u00edcio para agradecer a Deus e tomarmos o sentido de mudar daqui pra frente, lembrar o que Ele representa, o que espera de n\u00f3s e como podemos melhorar\u201d,<\/em> acrescenta.<\/p>\n<p>Joz\u00e9lia Varella tamb\u00e9m destacou que esse \u00e9 um momento gratificante. <em>\u201cAlgumas pessoas come\u00e7am um trabalho social e depois param de fazer, desistem. Mas o Lael \u00e9 ass\u00edduo, nunca abandonou. Todo ano este almo\u00e7o \u00e9 sagrado. \u00c9 uma tradi\u00e7\u00e3o da fam\u00edlia Lael Varella. Tenho certeza de que essa comemora\u00e7\u00e3o vai continuar sempre, os filhos e netos perpetuar\u00e3o\u201d,<\/em> completa.<\/p>\n<p><img decoding=\"async\" class=\"ngg_displayed_gallery mceItem\" src=\"http:\/\/folhadosudeste.com\/site\/index.php\/nextgen-attach_to_post\/preview\/id--30256\" alt=\"\" \/><\/p>\n","protected":false},"excerpt":{"rendered":"<p>Na manh\u00e3 da \u00faltima quarta (28), na quadra poliesportiva do Centro Universit\u00e1rio Unifaminas foi realizada a 44\u00aa edi\u00e7\u00e3o do tradicional Almo\u00e7o de Confraterniza\u00e7\u00e3o dos Idosos e Enfermos, evento promovido anualmente pelo empres\u00e1rio e suplente de senador, Lael Varella. Estiveram reunidas mais de 500 pessoas, em um momento de confraterniza\u00e7\u00e3o prop\u00edcio \u00e0s festas de final de [&hellip;]<\/p>\n","protected":false},"author":6,"featured_media":30189,"comment_status":"open","ping_status":"closed","sticky":false,"template":"","format":"standard","meta":{"_joinchat":[],"footnotes":""},"categories":[1],"tags":[],"class_list":["post-30187","post","type-post","status-publish","format-standard","has-post-thumbnail","hentry","category-sem-categoria"],"_links":{"self":[{"href":"http:\/\/folhadosudeste.com\/site\/index.php?rest_route=\/wp\/v2\/posts\/30187","targetHints":{"allow":["GET"]}}],"collection":[{"href":"http:\/\/folhadosudeste.com\/site\/index.php?rest_route=\/wp\/v2\/posts"}],"about":[{"href":"http:\/\/folhadosudeste.com\/site\/index.php?rest_route=\/wp\/v2\/types\/post"}],"author":[{"embeddable":true,"href":"http:\/\/folhadosudeste.com\/site\/index.php?rest_route=\/wp\/v2\/users\/6"}],"replies":[{"embeddable":true,"href":"http:\/\/folhadosudeste.com\/site\/index.php?rest_route=%2Fwp%2Fv2%2Fcomments&post=30187"}],"version-history":[{"count":1,"href":"http:\/\/folhadosudeste.com\/site\/index.php?rest_route=\/wp\/v2\/posts\/30187\/revisions"}],"predecessor-version":[{"id":30257,"href":"http:\/\/folhadosudeste.com\/site\/index.php?rest_route=\/wp\/v2\/posts\/30187\/revisions\/30257"}],"wp:featuredmedia":[{"embeddable":true,"href":"http:\/\/folhadosudeste.com\/site\/index.php?rest_route=\/wp\/v2\/media\/30189"}],"wp:attachment":[{"href":"http:\/\/folhadosudeste.com\/site\/index.php?rest_route=%2Fwp%2Fv2%2Fmedia&parent=30187"}],"wp:term":[{"taxonomy":"category","embeddable":true,"href":"http:\/\/folhadosudeste.com\/site\/index.php?rest_route=%2Fwp%2Fv2%2Fcategories&post=30187"},{"taxonomy":"post_tag","embeddable":true,"href":"http:\/\/folhadosudeste.com\/site\/index.php?rest_route=%2Fwp%2Fv2%2Ftags&post=30187"}],"curies":[{"name":"wp","href":"https:\/\/api.w.org\/{rel}","templated":true}]}}