{"id":30305,"date":"2017-01-06T13:49:52","date_gmt":"2017-01-06T13:49:52","guid":{"rendered":"http:\/\/folhadosudeste.com\/site\/?p=30305"},"modified":"2017-01-06T13:49:52","modified_gmt":"2017-01-06T13:49:52","slug":"eleicao-e-posse-da-nova-diretoria-da-amerp","status":"publish","type":"post","link":"http:\/\/folhadosudeste.com\/site\/?p=30305","title":{"rendered":"Elei\u00e7\u00e3o e posse da nova diretoria da AMERP"},"content":{"rendered":"<p style=\"text-align: justify;\"><a href=\"http:\/\/folhadosudeste.com\/site\/wp-content\/uploads\/2017\/01\/AMERP.jpg\"><img loading=\"lazy\" decoding=\"async\" class=\"aligncenter size-full wp-image-30306\" src=\"http:\/\/folhadosudeste.com\/site\/wp-content\/uploads\/2017\/01\/AMERP.jpg\" alt=\"amerp\" width=\"620\" height=\"259\" srcset=\"http:\/\/folhadosudeste.com\/site\/wp-content\/uploads\/2017\/01\/AMERP.jpg 620w, http:\/\/folhadosudeste.com\/site\/wp-content\/uploads\/2017\/01\/AMERP-300x125.jpg 300w\" sizes=\"auto, (max-width: 620px) 100vw, 620px\" \/><\/a><\/p>\n<p style=\"text-align: justify;\">Foi realizada, na ter\u00e7a-feira, 3 de janeiro, a elei\u00e7\u00e3o e posse do presidente e vice-presidente da AMERP. Foi efetivado o nome de Mirim, prefeito reeleito de Miradouro (presidente) e Adriano, prefeito eleito de Vieiras (vice-presidente). Foi seguido o estatuto, que \u00e9 nossa Carta Magna, e afirma que tem que ter elei\u00e7\u00e3o, de ano em ano e com os candidatos na mesma posi\u00e7\u00e3o, podendo votar e serem votados.<\/p>\n<p style=\"text-align: justify;\">Saiba mais na edi\u00e7\u00e3o 742 do Folha do Sudeste<\/p>\n<p style=\"text-align: justify;\"><img decoding=\"async\" class=\"ngg_displayed_gallery mceItem\" src=\"http:\/\/folhadosudeste.com\/site\/index.php\/nextgen-attach_to_post\/preview\/id--30311\" alt=\"\" \/><\/p>\n","protected":false},"excerpt":{"rendered":"<p>Foi realizada, na ter\u00e7a-feira, 3 de janeiro, a elei\u00e7\u00e3o e posse do presidente e vice-presidente da AMERP. Foi efetivado o nome de Mirim, prefeito reeleito de Miradouro (presidente) e Adriano, prefeito eleito de Vieiras (vice-presidente). Foi seguido o estatuto, que \u00e9 nossa Carta Magna, e afirma que tem que ter elei\u00e7\u00e3o, de ano em ano [&hellip;]<\/p>\n","protected":false},"author":2,"featured_media":30306,"comment_status":"open","ping_status":"closed","sticky":false,"template":"","format":"standard","meta":{"_joinchat":[],"footnotes":""},"categories":[1],"tags":[],"class_list":["post-30305","post","type-post","status-publish","format-standard","has-post-thumbnail","hentry","category-sem-categoria"],"_links":{"self":[{"href":"http:\/\/folhadosudeste.com\/site\/index.php?rest_route=\/wp\/v2\/posts\/30305","targetHints":{"allow":["GET"]}}],"collection":[{"href":"http:\/\/folhadosudeste.com\/site\/index.php?rest_route=\/wp\/v2\/posts"}],"about":[{"href":"http:\/\/folhadosudeste.com\/site\/index.php?rest_route=\/wp\/v2\/types\/post"}],"author":[{"embeddable":true,"href":"http:\/\/folhadosudeste.com\/site\/index.php?rest_route=\/wp\/v2\/users\/2"}],"replies":[{"embeddable":true,"href":"http:\/\/folhadosudeste.com\/site\/index.php?rest_route=%2Fwp%2Fv2%2Fcomments&post=30305"}],"version-history":[{"count":1,"href":"http:\/\/folhadosudeste.com\/site\/index.php?rest_route=\/wp\/v2\/posts\/30305\/revisions"}],"predecessor-version":[{"id":30312,"href":"http:\/\/folhadosudeste.com\/site\/index.php?rest_route=\/wp\/v2\/posts\/30305\/revisions\/30312"}],"wp:featuredmedia":[{"embeddable":true,"href":"http:\/\/folhadosudeste.com\/site\/index.php?rest_route=\/wp\/v2\/media\/30306"}],"wp:attachment":[{"href":"http:\/\/folhadosudeste.com\/site\/index.php?rest_route=%2Fwp%2Fv2%2Fmedia&parent=30305"}],"wp:term":[{"taxonomy":"category","embeddable":true,"href":"http:\/\/folhadosudeste.com\/site\/index.php?rest_route=%2Fwp%2Fv2%2Fcategories&post=30305"},{"taxonomy":"post_tag","embeddable":true,"href":"http:\/\/folhadosudeste.com\/site\/index.php?rest_route=%2Fwp%2Fv2%2Ftags&post=30305"}],"curies":[{"name":"wp","href":"https:\/\/api.w.org\/{rel}","templated":true}]}}