{"id":30373,"date":"2017-01-06T13:57:39","date_gmt":"2017-01-06T13:57:39","guid":{"rendered":"http:\/\/folhadosudeste.com\/site\/?p=30373"},"modified":"2017-01-06T13:57:39","modified_gmt":"2017-01-06T13:57:39","slug":"igreja-pentecostal-raiz-de-jesse-completa-5-anos-de-historia","status":"publish","type":"post","link":"http:\/\/folhadosudeste.com\/site\/?p=30373","title":{"rendered":"Igreja Pentecostal Raiz de Jess\u00e9 completa 5 anos de hist\u00f3ria"},"content":{"rendered":"<p style=\"text-align: justify;\"><a href=\"http:\/\/folhadosudeste.com\/site\/wp-content\/uploads\/2017\/01\/IGREJA-PENTECOSTAL.jpg\"><img loading=\"lazy\" decoding=\"async\" class=\"aligncenter size-full wp-image-30374\" src=\"http:\/\/folhadosudeste.com\/site\/wp-content\/uploads\/2017\/01\/IGREJA-PENTECOSTAL.jpg\" alt=\"igreja-pentecostal\" width=\"620\" height=\"278\" srcset=\"http:\/\/folhadosudeste.com\/site\/wp-content\/uploads\/2017\/01\/IGREJA-PENTECOSTAL.jpg 620w, http:\/\/folhadosudeste.com\/site\/wp-content\/uploads\/2017\/01\/IGREJA-PENTECOSTAL-300x134.jpg 300w\" sizes=\"auto, (max-width: 620px) 100vw, 620px\" \/><\/a><\/p>\n<p style=\"text-align: justify;\">No final do m\u00eas de dezembro de 2016, a Igreja Pentecostal Raiz de Jess\u00e9 completou 5 anos, desde quando a Fam\u00edlia iniciou com 3 membros: Pai, Filho e Esp\u00edrito Santo, com a presen\u00e7a do Pr. Marley, Mission\u00e1ria M\u00e1rcia e o pequeno Iago. Mas a Raiz foi crescendo, dando galhos e grandes frutos, formando hoje uma grande fam\u00edlia. Nestes 5 anos, o agir de Deus foi grande, consolidando milagres, curas e liberta\u00e7\u00f5es.<\/p>\n<p style=\"text-align: justify;\">Saiba mais na edi\u00e7\u00e3o 742 do Folha do Sudeste<\/p>\n<p style=\"text-align: justify;\"><img decoding=\"async\" class=\"ngg_displayed_gallery mceItem\" src=\"http:\/\/folhadosudeste.com\/site\/index.php\/nextgen-attach_to_post\/preview\/id--30383\" alt=\"\" \/><\/p>\n","protected":false},"excerpt":{"rendered":"<p>No final do m\u00eas de dezembro de 2016, a Igreja Pentecostal Raiz de Jess\u00e9 completou 5 anos, desde quando a Fam\u00edlia iniciou com 3 membros: Pai, Filho e Esp\u00edrito Santo, com a presen\u00e7a do Pr. Marley, Mission\u00e1ria M\u00e1rcia e o pequeno Iago. Mas a Raiz foi crescendo, dando galhos e grandes frutos, formando hoje uma [&hellip;]<\/p>\n","protected":false},"author":2,"featured_media":30374,"comment_status":"open","ping_status":"closed","sticky":false,"template":"","format":"standard","meta":{"_joinchat":[],"footnotes":""},"categories":[1],"tags":[],"class_list":["post-30373","post","type-post","status-publish","format-standard","has-post-thumbnail","hentry","category-sem-categoria"],"_links":{"self":[{"href":"http:\/\/folhadosudeste.com\/site\/index.php?rest_route=\/wp\/v2\/posts\/30373","targetHints":{"allow":["GET"]}}],"collection":[{"href":"http:\/\/folhadosudeste.com\/site\/index.php?rest_route=\/wp\/v2\/posts"}],"about":[{"href":"http:\/\/folhadosudeste.com\/site\/index.php?rest_route=\/wp\/v2\/types\/post"}],"author":[{"embeddable":true,"href":"http:\/\/folhadosudeste.com\/site\/index.php?rest_route=\/wp\/v2\/users\/2"}],"replies":[{"embeddable":true,"href":"http:\/\/folhadosudeste.com\/site\/index.php?rest_route=%2Fwp%2Fv2%2Fcomments&post=30373"}],"version-history":[{"count":1,"href":"http:\/\/folhadosudeste.com\/site\/index.php?rest_route=\/wp\/v2\/posts\/30373\/revisions"}],"predecessor-version":[{"id":30384,"href":"http:\/\/folhadosudeste.com\/site\/index.php?rest_route=\/wp\/v2\/posts\/30373\/revisions\/30384"}],"wp:featuredmedia":[{"embeddable":true,"href":"http:\/\/folhadosudeste.com\/site\/index.php?rest_route=\/wp\/v2\/media\/30374"}],"wp:attachment":[{"href":"http:\/\/folhadosudeste.com\/site\/index.php?rest_route=%2Fwp%2Fv2%2Fmedia&parent=30373"}],"wp:term":[{"taxonomy":"category","embeddable":true,"href":"http:\/\/folhadosudeste.com\/site\/index.php?rest_route=%2Fwp%2Fv2%2Fcategories&post=30373"},{"taxonomy":"post_tag","embeddable":true,"href":"http:\/\/folhadosudeste.com\/site\/index.php?rest_route=%2Fwp%2Fv2%2Ftags&post=30373"}],"curies":[{"name":"wp","href":"https:\/\/api.w.org\/{rel}","templated":true}]}}